{"id":211114,"date":"2026-06-23T18:50:10","date_gmt":"2026-06-23T18:50:10","guid":{"rendered":"https:\/\/www.europesays.com\/lt\/211114\/"},"modified":"2026-06-23T18:50:10","modified_gmt":"2026-06-23T18:50:10","slug":"frankenburg-technologies-atidare-raketu-gamykla-rygoje","status":"publish","type":"post","link":"https:\/\/www.europesays.com\/lt\/211114\/","title":{"rendered":"\u201eFrankenburg Technologies\u201c atidar\u0117 raket\u0173 gamykl\u0105 Rygoje"},"content":{"rendered":"<p>Atidarymo ceremonijoje dalyvavo Europos S\u0105jungos (ES) gynybos komisaras Andrius Kubilius.<\/p>\n<p>Gamykla Rygoje u\u017esiims valdom\u0173 prie\u0161dronini\u0173 raket\u0173 sistem\u0173 \u201eMark I\u201c gamyba, \u012fskaitant raket\u0173 elektronikos ir ginkl\u0173 sistem\u0173 surinkim\u0105, taip pat gatav\u0173 gamini\u0173 bandymus ir kokyb\u0117s kontrol\u0119.\u00a0<\/p>\n<p>    <img decoding=\"async\" src=\"https:\/\/www.europesays.com\/lt\/wp-content\/uploads\/2026\/06\/bc2969bf-cf0f-4429-8c8a-7c3ee8985c22.jpg\" loading=\"lazy\" alt=\"Andrius Kubilius\"\/>    <\/p>\n<p>Gamyklos statyba truko metus, o dabar tikimasi, kad kartu su Ada\u017eiuose planuojama galutinio surinkimo gamykla iki met\u0173 pabaigos jos gamybos paj\u0117gumai pasieks 100 raket\u0173 per dien\u0105.\u00a0<\/p>\n<p>Rygos gamyklos plotas yra beveik 1000 kvadratini\u0173 metr\u0173, joje planuojama \u012fdarbinti 50 \u017emoni\u0173.\u00a0<\/p>\n<p>\u201eFrankenburg Technologies\u201c planuoja \u0161iais metais pagaminti 1500 raket\u0173.\u00a0<\/p>\n<p>Tikimasi, kad dron\u0173 per\u0117m\u0117j\u0173 \u201eMark I\u201c kaina suma\u017e\u0117s daugiau nei de\u0161imt kart\u0173, o tai sudarys s\u0105lygas masinei valdom\u0173 prie\u0161l\u0117ktuvini\u0173 raket\u0173 gamybai, jos bus tiekiamos Europai ir kitoms s\u0105junginink\u0117ms.\u00a0<\/p>\n<p>Prad\u0117jusi gamyb\u0105 Latvijoje, \u201eFrankenburg Technologies\u201c planuoja i\u0161pl\u0117sti veikl\u0105 \u012f Estij\u0105, Jungtin\u0119 Karalyst\u0119 ir Lenkij\u0105, kad gamybos apimtis pasiekt\u0173 milijon\u0105 raket\u0173 per metus \u2013 skai\u010di\u0173, kurio taip reikia ES, pabr\u0117\u017e\u0117 bendrov\u0117s generalinis direktorius Kusti Salmas.\u00a0<\/p>\n<p>Europa turi pereiti nuo ribotos ir brangios gamybos prie prieinam\u0173 sistem\u0173, gaminam\u0173 didesniais kiekiais. \u201eFrankenburg Technologies\u201c veikla Rygoje yra pramon\u0117s tiksl\u0173 ir novatori\u0161ko m\u0105stymo, kurio ES reikia, kad sustiprint\u0173 parengt\u012f gynybai, pavyzdys, pabr\u0117\u017e\u0117 V. Kubilius.<\/p>\n","protected":false},"excerpt":{"rendered":"Atidarymo ceremonijoje dalyvavo Europos S\u0105jungos (ES) gynybos komisaras Andrius Kubilius. Gamykla Rygoje u\u017esiims valdom\u0173 prie\u0161dronini\u0173 raket\u0173 sistem\u0173 \u201eMark&hellip;\n","protected":false},"author":2,"featured_media":211115,"comment_status":"","ping_status":"","sticky":false,"template":"","format":"standard","meta":{"footnotes":"","_share_on_mastodon":"0"},"categories":[15],"tags":[25,30,31,34,35,24,32,33,37,39,36,38,40,23,22,44,28,29,4526,26,27,74,75,76],"class_list":["post-211114","post","type-post","status-publish","format-standard","has-post-thumbnail","category-pasaulis","tag-antrastes","tag-breaking-news","tag-breakingnews","tag-featured-news","tag-featurednews","tag-headlines","tag-latest-news","tag-latestnews","tag-lietuva","tag-lietuviu","tag-lithuania","tag-lithuanian","tag-lt","tag-naujienos","tag-news","tag-pasaulis","tag-populiariausios-naujienos","tag-populiariausiosnaujienos","tag-ryga","tag-top-stories","tag-topstories","tag-world","tag-world-news","tag-worldnews"],"share_on_mastodon":{"url":"https:\/\/pubeurope.com\/@lt\/116800928366912806","error":""},"_links":{"self":[{"href":"https:\/\/www.europesays.com\/lt\/wp-json\/wp\/v2\/posts\/211114","targetHints":{"allow":["GET"]}}],"collection":[{"href":"https:\/\/www.europesays.com\/lt\/wp-json\/wp\/v2\/posts"}],"about":[{"href":"https:\/\/www.europesays.com\/lt\/wp-json\/wp\/v2\/types\/post"}],"author":[{"embeddable":true,"href":"https:\/\/www.europesays.com\/lt\/wp-json\/wp\/v2\/users\/2"}],"replies":[{"embeddable":true,"href":"https:\/\/www.europesays.com\/lt\/wp-json\/wp\/v2\/comments?post=211114"}],"version-history":[{"count":0,"href":"https:\/\/www.europesays.com\/lt\/wp-json\/wp\/v2\/posts\/211114\/revisions"}],"wp:featuredmedia":[{"embeddable":true,"href":"https:\/\/www.europesays.com\/lt\/wp-json\/wp\/v2\/media\/211115"}],"wp:attachment":[{"href":"https:\/\/www.europesays.com\/lt\/wp-json\/wp\/v2\/media?parent=211114"}],"wp:term":[{"taxonomy":"category","embeddable":true,"href":"https:\/\/www.europesays.com\/lt\/wp-json\/wp\/v2\/categories?post=211114"},{"taxonomy":"post_tag","embeddable":true,"href":"https:\/\/www.europesays.com\/lt\/wp-json\/wp\/v2\/tags?post=211114"}],"curies":[{"name":"wp","href":"https:\/\/api.w.org\/{rel}","templated":true}]}}