{"id":211202,"date":"2026-06-23T20:37:17","date_gmt":"2026-06-23T20:37:17","guid":{"rendered":"https:\/\/www.europesays.com\/lt\/211202\/"},"modified":"2026-06-23T20:37:17","modified_gmt":"2026-06-23T20:37:17","slug":"estija-zole-pjoves-vyras-rado-bepiloti-orlaivi-su-sprogmenimis-respublika-lt","status":"publish","type":"post","link":"https:\/\/www.europesays.com\/lt\/211202\/","title":{"rendered":"Estija: \u017eol\u0119 pjov\u0119s vyras rado bepilot\u012f orlaiv\u012f su sprogmenimis &#8211; Respublika.lt"},"content":{"rendered":"<p><img loading=\"lazy\" decoding=\"async\" src=\"https:\/\/www.respublika.lt\/lt\/naujienos\/pasaulis\/kitos_pasaulio_naujienos\/pietu-estijoje-rastas-nukrites-bepilotis-orlaivis-su-sprogmenimis\/images\/ico_camera_white.gif\" class=\"camera\" width=\"22\" height=\"15\" alt=\"nuotr.\" style=\"position:relative; top:-2px; right:2px;\"\/> 1 nuotr.<\/p>\n<p>\u017dol\u0119 pjov\u0119s vyras rado bepilot\u012f orlaiv\u012f su sprogmenimis. Estijos saugumo\/ERR nuotr.<\/p>\n<p style=\"text-align: justify;\" class=\"desktop_banner\">\u00a0<\/p>\n<p style=\"text-align: left;\">\u00a0<\/p>\n<p style=\"text-align: left;\">Dron\u0105 rado pievoje \u017eol\u0119 pjov\u0119s Reug\u0117s savivaldyb\u0117s gyventojas.<\/p>\n<p style=\"text-align: left;\">Tai, kad informacija apie drono radybas buvo gauta bir\u017eelio 10 d. vakar\u0105, patvirtino Estijos vidaus saugumo tarnybos (ISS) biuro vadovas Harrys Puuseppas.<\/p>\n<p style=\"text-align: left;\">\u201eKai kurios drono dalys buvo rastos medyje, tad pana\u0161u, kad dronas i\u0161krito i\u0161 jo\u201c, \u2013 sak\u0117 H. Puuseppas.<\/p>\n<p style=\"text-align: left;\">ISS atstovas prid\u016br\u0117, kad tai gali b\u016bti vienas i\u0161 bepilo\u010di\u0173 orlaivi\u0173, kurie buvo u\u017efiksuoti bir\u017eelio 3 d. paskelbus oro pavoj\u0173.<\/p>\n<p style=\"text-align: left;\">\u201e\u0160iuo atveju, tikriausiai tai vienas i\u0161 dron\u0173, kuriuos pasteb\u0117jo Karini\u0173 oro paj\u0117g\u0173 radarai ir d\u0117l kuri\u0173 buvo pakelti naikintuvai, bet v\u0117liau apie juos nebuvo patvirtinta. Radaro signalas dingo netoli tos vietos, kur buvo surastos drono nuolau\u017eos. Taigi, tikriausiai tai bus vienas i\u0161 bir\u017eelio 3 d. pasirod\u017eiusi\u0173 dron\u0173\u201c, \u2013 paai\u0161kino pareig\u016bnas.<\/p>\n<p style=\"text-align: left;\">Jis patvirtino, kad bepilot\u0117je skraidykl\u0117je buvo apie 5 kg sprogmuo ir persp\u0117jo, kad tokie aparatai kelia pavoj\u0173, tod\u0117l prie j\u0173 nereik\u0117t\u0173 artintis, o pama\u010dius \u2013 skambinti trumpuoju pagalbos numeriu 112.<\/p>\n<p style=\"text-align: left;\">ISS pareig\u016bno teigimu, apie incident\u0105 neprane\u0161ta anks\u010diau, nes tuo metu Estijoje vyko didel\u0117s karin\u0117s pratybos \u201ePavasario audra\u201c (angl. Spring Storm), kurioms reik\u0117jo skirti daug resurs\u0173.<\/p>\n<p style=\"text-align: left;\">\u201eTyr\u0117jai \u012f prane\u0161im\u0105 apie incident\u0105 reagavo, bet visuomen\u0117 informuota v\u0117liau. Vietov\u0117, kur b\u016bta pavojaus, buvo aptverta, kad \u012f j\u0105 nepatekt\u0173 pa\u0161aliniai asmenys. D\u0117l to \u0161i informacija pavie\u0161inta tik dabar\u201c, \u2013 ai\u0161kino H. Puuseppas.<\/p>\n<p style=\"text-align: left;\">Anot jo, daugiau sudu\u017eusi\u0173 dron\u0173 Estijoje nerasta.<\/p>\n<p style=\"text-align: left;\">ERR primena, kad Estijos kariuomen\u0117 bir\u017eelio 3 d. keliose apskrityse paskelb\u0117 \u012fsp\u0117jim\u0105 apie dron\u0173 pavoj\u0173. V\u0117liau t\u0105 pa\u010di\u0105 dien\u0105 prane\u0161ta, kad Estijos teritorijoje bepilo\u010diai orlaiviai nebuvo surasti.<\/p>\n<p style=\"text-align: left;\">Ukraina t\u0105 nakt\u012f sureng\u0117 sm\u016bgius prie\u0161 Rusij\u0105 taikydamasi \u012f karin\u0119 gamykl\u0105 Tambovo srityje, \u012f naftos terminal\u0105 Sankt Peterburge ir \u012f Kron\u0161tato karin\u0119 baz\u0119.<\/p>\n<p style=\"text-align: left;\">Prane\u0161ta, kad dalis dron\u0173 buvo pasi\u0173sta ir \u012f Maskv\u0105.<\/p>\n<p style=\"text-align: left;\">Pastaraisiais metais Estijoje buvo rasti keli nukrit\u0119 ukrainieti\u0161ki dronai po to, kai Ukraina suintensyvino atakas prie\u0161 Rusijos naftos infrastrukt\u016br\u0105 Baltijos j\u016bros pakrant\u0117je.<\/p>\n","protected":false},"excerpt":{"rendered":"1 nuotr. \u017dol\u0119 pjov\u0119s vyras rado bepilot\u012f orlaiv\u012f su sprogmenimis. Estijos saugumo\/ERR nuotr. \u00a0 \u00a0 Dron\u0105 rado pievoje&hellip;\n","protected":false},"author":2,"featured_media":211203,"comment_status":"","ping_status":"","sticky":false,"template":"","format":"standard","meta":{"footnotes":"","_share_on_mastodon":"0"},"categories":[15],"tags":[25,24428,30,31,92,138,34,35,24,815,32,33,37,39,36,38,40,23,22,10722,2044,44,28,29,11603,119,5393,26,27,360,74,75,76],"class_list":["post-211202","post","type-post","status-publish","format-standard","has-post-thumbnail","category-pasaulis","tag-antrastes","tag-bepilotis","tag-breaking-news","tag-breakingnews","tag-dronas","tag-estija","tag-featured-news","tag-featurednews","tag-headlines","tag-karas","tag-latest-news","tag-latestnews","tag-lietuva","tag-lietuviu","tag-lithuania","tag-lithuanian","tag-lt","tag-naujienos","tag-news","tag-nuolauzos","tag-orlaivis","tag-pasaulis","tag-populiariausios-naujienos","tag-populiariausiosnaujienos","tag-radinys","tag-rusija","tag-saugumas","tag-top-stories","tag-topstories","tag-ukraina","tag-world","tag-world-news","tag-worldnews"],"share_on_mastodon":{"url":"https:\/\/pubeurope.com\/@lt\/116801349320200456","error":""},"_links":{"self":[{"href":"https:\/\/www.europesays.com\/lt\/wp-json\/wp\/v2\/posts\/211202","targetHints":{"allow":["GET"]}}],"collection":[{"href":"https:\/\/www.europesays.com\/lt\/wp-json\/wp\/v2\/posts"}],"about":[{"href":"https:\/\/www.europesays.com\/lt\/wp-json\/wp\/v2\/types\/post"}],"author":[{"embeddable":true,"href":"https:\/\/www.europesays.com\/lt\/wp-json\/wp\/v2\/users\/2"}],"replies":[{"embeddable":true,"href":"https:\/\/www.europesays.com\/lt\/wp-json\/wp\/v2\/comments?post=211202"}],"version-history":[{"count":0,"href":"https:\/\/www.europesays.com\/lt\/wp-json\/wp\/v2\/posts\/211202\/revisions"}],"wp:featuredmedia":[{"embeddable":true,"href":"https:\/\/www.europesays.com\/lt\/wp-json\/wp\/v2\/media\/211203"}],"wp:attachment":[{"href":"https:\/\/www.europesays.com\/lt\/wp-json\/wp\/v2\/media?parent=211202"}],"wp:term":[{"taxonomy":"category","embeddable":true,"href":"https:\/\/www.europesays.com\/lt\/wp-json\/wp\/v2\/categories?post=211202"},{"taxonomy":"post_tag","embeddable":true,"href":"https:\/\/www.europesays.com\/lt\/wp-json\/wp\/v2\/tags?post=211202"}],"curies":[{"name":"wp","href":"https:\/\/api.w.org\/{rel}","templated":true}]}}