{"id":211705,"date":"2026-06-24T14:14:12","date_gmt":"2026-06-24T14:14:12","guid":{"rendered":"https:\/\/www.europesays.com\/lt\/211705\/"},"modified":"2026-06-24T14:14:12","modified_gmt":"2026-06-24T14:14:12","slug":"girtas-vairuotojas-sukele-avarija-ir-spruko-nuo-policijos","status":"publish","type":"post","link":"https:\/\/www.europesays.com\/lt\/211705\/","title":{"rendered":"Girtas vairuotojas suk\u0117l\u0117 avarij\u0105 ir spruko nuo policijos"},"content":{"rendered":"<p>Po eismo \u012fvykio, kai vairuotojas jau buvo pasi\u0161alin\u0119s i\u0161 avarijos vietos, Latvijos policijos pareig\u016bnai pasteb\u0117jo j\u012f va\u017eiuojant\u012f per Pardaugav\u0105. Vairuotojo vairavimo stilius ir apgadinta transporto priemon\u0117 atkreip\u0117 policinink\u0173 d\u0117mes\u012f. <\/p>\n<p>Pirmame liudinink\u0173 vaizdo \u012fra\u0161e matyti, kaip visureigio vairuotojas apva\u017eiuoja filmuojant\u012f automobil\u012f per \u0161aligatv\u012f ir pievel\u0119 per de\u0161in\u0119 pus\u0119 ir <\/p>\n<p>\u012e policijos pareig\u016bn\u0173 reikalavim\u0105 sustoti \u201eVolvo\u201c vairuotojas nereagavo, o prad\u0117jo b\u0117gti ir po akimirkos atsitrenk\u0117 \u012f med\u012f.<\/p>\n<p class=\"MsoNormal\">Vyras buvo sulaikytas ir pasodintas \u012f laikino sulaikymo patalp\u0105 pareig\u016bn\u0173 automobilyje. Nustatyta, kad jis vairavo automobil\u012f b\u016bdamas apsvaig\u0119s nuo alkoholini\u0173 g\u0117rim\u0173.<\/p>\n<p class=\"MsoNormal\">Kaip matyti i\u0161 liudinink\u0173 nufilmuoto vaizdo \u012fra\u0161o, persekiojimas vyko Daugavgryvos gatve. \u201eVolvo\u201c visureigio galinis buferis buvo nupl\u0117\u0161tas.<\/p>\n","protected":false},"excerpt":{"rendered":"Po eismo \u012fvykio, kai vairuotojas jau buvo pasi\u0161alin\u0119s i\u0161 avarijos vietos, Latvijos policijos pareig\u016bnai pasteb\u0117jo j\u012f va\u017eiuojant\u012f per&hellip;\n","protected":false},"author":2,"featured_media":211706,"comment_status":"","ping_status":"","sticky":false,"template":"","format":"standard","meta":{"footnotes":"","_share_on_mastodon":"0"},"categories":[15],"tags":[25,30,31,8090,34,35,4074,24,32,33,32293,37,39,36,38,40,23,22,44,28,29,4526,26,27,74,75,76],"class_list":["post-211705","post","type-post","status-publish","format-standard","has-post-thumbnail","category-pasaulis","tag-antrastes","tag-breaking-news","tag-breakingnews","tag-eismo-ivykis","tag-featured-news","tag-featurednews","tag-girtas-vairuotojas","tag-headlines","tag-latest-news","tag-latestnews","tag-latvijos-policija","tag-lietuva","tag-lietuviu","tag-lithuania","tag-lithuanian","tag-lt","tag-naujienos","tag-news","tag-pasaulis","tag-populiariausios-naujienos","tag-populiariausiosnaujienos","tag-ryga","tag-top-stories","tag-topstories","tag-world","tag-world-news","tag-worldnews"],"share_on_mastodon":{"url":"https:\/\/pubeurope.com\/@lt\/116805505219072924","error":""},"_links":{"self":[{"href":"https:\/\/www.europesays.com\/lt\/wp-json\/wp\/v2\/posts\/211705","targetHints":{"allow":["GET"]}}],"collection":[{"href":"https:\/\/www.europesays.com\/lt\/wp-json\/wp\/v2\/posts"}],"about":[{"href":"https:\/\/www.europesays.com\/lt\/wp-json\/wp\/v2\/types\/post"}],"author":[{"embeddable":true,"href":"https:\/\/www.europesays.com\/lt\/wp-json\/wp\/v2\/users\/2"}],"replies":[{"embeddable":true,"href":"https:\/\/www.europesays.com\/lt\/wp-json\/wp\/v2\/comments?post=211705"}],"version-history":[{"count":0,"href":"https:\/\/www.europesays.com\/lt\/wp-json\/wp\/v2\/posts\/211705\/revisions"}],"wp:featuredmedia":[{"embeddable":true,"href":"https:\/\/www.europesays.com\/lt\/wp-json\/wp\/v2\/media\/211706"}],"wp:attachment":[{"href":"https:\/\/www.europesays.com\/lt\/wp-json\/wp\/v2\/media?parent=211705"}],"wp:term":[{"taxonomy":"category","embeddable":true,"href":"https:\/\/www.europesays.com\/lt\/wp-json\/wp\/v2\/categories?post=211705"},{"taxonomy":"post_tag","embeddable":true,"href":"https:\/\/www.europesays.com\/lt\/wp-json\/wp\/v2\/tags?post=211705"}],"curies":[{"name":"wp","href":"https:\/\/api.w.org\/{rel}","templated":true}]}}