{"id":211809,"date":"2026-06-24T17:05:32","date_gmt":"2026-06-24T17:05:32","guid":{"rendered":"https:\/\/www.europesays.com\/lt\/211809\/"},"modified":"2026-06-24T17:05:32","modified_gmt":"2026-06-24T17:05:32","slug":"ar-tikrai-virs-budapesto-praskrido-zalias-meteoras","status":"publish","type":"post","link":"https:\/\/www.europesays.com\/lt\/211809\/","title":{"rendered":"Ar tikrai vir\u0161 Budape\u0161to praskrido \u017ealias meteoras?"},"content":{"rendered":"\n<p class=\"Paragraph SCXW225775031 BCX4\">Vaizdo \u012fra\u0161e u\u017efiksuotas mil\u017eini\u0161kas \u017ealias meteoras, praskriej\u0119s vir\u0161 Budape\u0161to. <\/p>\n<p class=\"Paragraph SCXW225775031 BCX4\">Klastot\u0117. Vaizdo \u012fra\u0161e matomas meteoras yra suklastotas. Internautai pa\u0117m\u0117 vaizdo \u012fra\u0161\u0105 su u\u017efiksuotu meteoru vir\u0161 Portugalijos ir (per vaizdo montavimo programin\u0117 \u012frang\u0105) \u012ftrauk\u0117 Budape\u0161to dangaus skliaut\u0105. Joki\u0173 prane\u0161im\u0173 apie tuo metu danguje pasirod\u017eius\u012f meteor\u0105 Vengrijos sostin\u0117je nebuvo. <\/p>\n<p>Melo detektoriaus komentaras <\/p>\n<p class=\"Paragraph SCXW225775031 BCX4\">Socialiniuose tinkluose matyti vaizdo \u012fra\u0161as, kuriame \u017ealias meteoras neva pasiekia Budape\u0161to dang\u0173. <\/p>\n<p>    <img decoding=\"async\" src=\"https:\/\/www.europesays.com\/lt\/wp-content\/uploads\/2026\/06\/dd485835-f350-4f1a-b5aa-d1329950429d.jpg\" loading=\"lazy\" alt=\"Platinamas suklastotas meteoro vaizdas\"\/>      <\/p>\n<p class=\"Paragraph SCXW225775031 BCX4\">Pagal fone matomus ap\u0161viestus pastatus ir tilt\u0105, pasitelkus \u201e<a rel=\"noreferrer noopener nofollow\" target=\"_blank\" href=\"https:\/\/www.google.com\/maps\/@47.4862784,19.0515658,3a,21.8y,344.12h,91.71t\/data=!3m7!1e1!3m5!1s8gVexWblFOmJxXwwa8gs8Q!2e0!6shttps:%2F%2Fstreetviewpixels-pa.googleapis.com%2Fv1%2Fthumbnail%3Fcb_client%3Dmaps_sv.tactile%26w%3D900%26h%3D600%26pitch%3D-1.713857529611687%26panoid%3D8gVexWblFOmJxXwwa8gs8Q%26yaw%3D344.12046677367044!7i16384!8i8192?entry=ttu&amp;g_ep=EgoyMDI2MDYxMC4wIKXMDSoASAFQAw%3D%3D\" class=\"Hyperlink SCXW225775031 BCX4\" data-rel-date-range=\"[]\">Google Street View<\/a>\u201c funkcij\u0105, buvo nustatyta, kad vaizdas nufilmuotas Budape\u0161te. <\/p>\n<p class=\"Paragraph SCXW225775031 BCX4\">Amerikos meteor\u0173 draugija renka prane\u0161imus apie meteorus visame pasaulyje<a rel=\"noreferrer noopener nofollow\" target=\"_blank\" href=\"https:\/\/fireball.amsmeteors.org\/imo_view\/browse_events?country=-1&amp;year=2024&amp;page=16\" class=\"Hyperlink SCXW225775031 BCX4\" data-rel-date-range=\"[]\">. J\u0173 vie\u0161ai prieinamoje duomen\u0173 baz\u0117je matyti<\/a>, kad vasar\u012f joki\u0173 pana\u0161i\u0173 rei\u0161kini\u0173 Vengrijoje nebuvo u\u017efiksuota. Apie tai taip pat neprane\u0161\u0117 ir vietin\u0117 \u017einiasklaida. <\/p>\n<p>    <img decoding=\"async\" src=\"https:\/\/www.europesays.com\/lt\/wp-content\/uploads\/2026\/06\/1cbc1737-887f-4bc8-93e4-04cf0cd53ac2.jpg\" loading=\"lazy\" alt=\"Kair\u0117je matosi  internaut\u0173 platinama nuotrauka, o de\u0161in\u0117je \u2013 vaizdai i\u0161 \u201eGoogle Street View\u201c Budape\u0161te\"\/>      <\/p>\n<p class=\"Paragraph SCXW225775031 BCX4\"><a rel=\"noreferrer noopener nofollow\" target=\"_blank\" href=\"https:\/\/www.politifact.com\/factchecks\/2024\/jul\/09\/threads-posts\/space-rocks-but-the-meteor-in-this-video-in-hungar\/\" class=\"Hyperlink SCXW225775031 BCX4\" data-rel-date-range=\"[]\">Anot \u201ePolitiFact\u201c fakt\u0173 tikrintoj\u0173<\/a>, jie su\u017einojo, kad platinamas vaizdas yra suklastotas \u2013 autoriai tiesiog i\u0161kirpo tikr\u0105 meteoro vaizd\u0105, u\u017efiksuot\u0105 Portugalijoje, ir \u012fklijavo j\u012f \u012f naktin\u012f Budape\u0161to peiza\u017e\u0105. <\/p>\n<p class=\"Paragraph SCXW225775031 BCX4\">Jei toks meteoras b\u016bt\u0173 praskriej\u0119s, jis b\u016bt\u0173 nu\u0161viet\u0119s Budape\u0161t\u0105 ir aplinkines teritorijas. \u012edomu tai, kad platinamame vaizdo \u012fra\u0161e spalv\u0105 pakei\u010dia tik dangus, bet ne vietov\u0117s, i\u0161 kuri\u0173 filmuojama. <\/p>\n","protected":false},"excerpt":{"rendered":"Vaizdo \u012fra\u0161e u\u017efiksuotas mil\u017eini\u0161kas \u017ealias meteoras, praskriej\u0119s vir\u0161 Budape\u0161to. Klastot\u0117. Vaizdo \u012fra\u0161e matomas meteoras yra suklastotas. Internautai pa\u0117m\u0117&hellip;\n","protected":false},"author":2,"featured_media":211810,"comment_status":"","ping_status":"","sticky":false,"template":"","format":"standard","meta":{"footnotes":"","_share_on_mastodon":"0"},"categories":[15],"tags":[25,30,31,3544,34,35,24,32,33,37,39,36,38,40,20892,20891,23,22,44,28,29,26,27,330,74,75,76],"class_list":["post-211809","post","type-post","status-publish","format-standard","has-post-thumbnail","category-pasaulis","tag-antrastes","tag-breaking-news","tag-breakingnews","tag-budapestas","tag-featured-news","tag-featurednews","tag-headlines","tag-latest-news","tag-latestnews","tag-lietuva","tag-lietuviu","tag-lithuania","tag-lithuanian","tag-lt","tag-meteoritas","tag-meteoru-lietus","tag-naujienos","tag-news","tag-pasaulis","tag-populiariausios-naujienos","tag-populiariausiosnaujienos","tag-top-stories","tag-topstories","tag-vengrija","tag-world","tag-world-news","tag-worldnews"],"share_on_mastodon":{"url":"https:\/\/pubeurope.com\/@lt\/116806177906730771","error":""},"_links":{"self":[{"href":"https:\/\/www.europesays.com\/lt\/wp-json\/wp\/v2\/posts\/211809","targetHints":{"allow":["GET"]}}],"collection":[{"href":"https:\/\/www.europesays.com\/lt\/wp-json\/wp\/v2\/posts"}],"about":[{"href":"https:\/\/www.europesays.com\/lt\/wp-json\/wp\/v2\/types\/post"}],"author":[{"embeddable":true,"href":"https:\/\/www.europesays.com\/lt\/wp-json\/wp\/v2\/users\/2"}],"replies":[{"embeddable":true,"href":"https:\/\/www.europesays.com\/lt\/wp-json\/wp\/v2\/comments?post=211809"}],"version-history":[{"count":0,"href":"https:\/\/www.europesays.com\/lt\/wp-json\/wp\/v2\/posts\/211809\/revisions"}],"wp:featuredmedia":[{"embeddable":true,"href":"https:\/\/www.europesays.com\/lt\/wp-json\/wp\/v2\/media\/211810"}],"wp:attachment":[{"href":"https:\/\/www.europesays.com\/lt\/wp-json\/wp\/v2\/media?parent=211809"}],"wp:term":[{"taxonomy":"category","embeddable":true,"href":"https:\/\/www.europesays.com\/lt\/wp-json\/wp\/v2\/categories?post=211809"},{"taxonomy":"post_tag","embeddable":true,"href":"https:\/\/www.europesays.com\/lt\/wp-json\/wp\/v2\/tags?post=211809"}],"curies":[{"name":"wp","href":"https:\/\/api.w.org\/{rel}","templated":true}]}}