{"id":211821,"date":"2026-06-24T17:22:11","date_gmt":"2026-06-24T17:22:11","guid":{"rendered":"https:\/\/www.europesays.com\/lt\/211821\/"},"modified":"2026-06-24T17:22:11","modified_gmt":"2026-06-24T17:22:11","slug":"statkevicius-ryzosi-isvaizdos-pokyciams-atjaunejo","status":"publish","type":"post","link":"https:\/\/www.europesays.com\/lt\/211821\/","title":{"rendered":"Statkevi\u010dius ry\u017eosi i\u0161vaizdos poky\u010diams: atjaun\u0117jo"},"content":{"rendered":"<p>Jau kur\u012f laik\u0105 gerb\u0117jai pastebi, kad J. Statkevi\u010dius atrodo gerokai atjaun\u0117j\u0119s. Pana\u0161u, kad tok\u012f efekt\u0105 suk\u016br\u0117 ne kas kita, o nauja \u0161ukuosena, kuri suteik\u0117 jo \u012fvaizd\u017eiui daugiau gaivumo.<\/p>\n<p>\u012eprastai dizainer\u012f buvo galima i\u0161vysti plaukus su\u0161ukavus\u012f atgal, ta\u010diau pastaruoju metu jis pasirod\u0117 su kiek kitokiu kirpimu.<\/p>\n<p>Naujoji \u0161ukuosena i\u0161siskiria kirp\u010diukais, kurie gerokai pakeit\u0117 bendr\u0105 J. Statkevi\u010diaus \u012fvaizd\u012f.<\/p>\n<p>    <img decoding=\"async\" src=\"https:\/\/www.europesays.com\/lt\/wp-content\/uploads\/2026\/06\/ac09fe5a-45ae-4e5a-9751-b0805d934a20.jpg\" loading=\"lazy\" alt=\"Juozas Statkevi\u010dius su nauja \u0161ukuosena\"\/>             <\/p>\n","protected":false},"excerpt":{"rendered":"Jau kur\u012f laik\u0105 gerb\u0117jai pastebi, kad J. Statkevi\u010dius atrodo gerokai atjaun\u0117j\u0119s. Pana\u0161u, kad tok\u012f efekt\u0105 suk\u016br\u0117 ne kas&hellip;\n","protected":false},"author":2,"featured_media":211822,"comment_status":"","ping_status":"","sticky":false,"template":"","format":"standard","meta":{"footnotes":"","_share_on_mastodon":"0"},"categories":[21],"tags":[113,1888,2342,37,39,36,38,40,114],"class_list":["post-211821","post","type-post","status-publish","format-standard","has-post-thumbnail","category-pramogos","tag-entertainment","tag-ivaizdis","tag-juozas-statkevicius","tag-lietuva","tag-lietuviu","tag-lithuania","tag-lithuanian","tag-lt","tag-pramogos"],"share_on_mastodon":{"url":"https:\/\/pubeurope.com\/@lt\/116806244831892793","error":""},"_links":{"self":[{"href":"https:\/\/www.europesays.com\/lt\/wp-json\/wp\/v2\/posts\/211821","targetHints":{"allow":["GET"]}}],"collection":[{"href":"https:\/\/www.europesays.com\/lt\/wp-json\/wp\/v2\/posts"}],"about":[{"href":"https:\/\/www.europesays.com\/lt\/wp-json\/wp\/v2\/types\/post"}],"author":[{"embeddable":true,"href":"https:\/\/www.europesays.com\/lt\/wp-json\/wp\/v2\/users\/2"}],"replies":[{"embeddable":true,"href":"https:\/\/www.europesays.com\/lt\/wp-json\/wp\/v2\/comments?post=211821"}],"version-history":[{"count":0,"href":"https:\/\/www.europesays.com\/lt\/wp-json\/wp\/v2\/posts\/211821\/revisions"}],"wp:featuredmedia":[{"embeddable":true,"href":"https:\/\/www.europesays.com\/lt\/wp-json\/wp\/v2\/media\/211822"}],"wp:attachment":[{"href":"https:\/\/www.europesays.com\/lt\/wp-json\/wp\/v2\/media?parent=211821"}],"wp:term":[{"taxonomy":"category","embeddable":true,"href":"https:\/\/www.europesays.com\/lt\/wp-json\/wp\/v2\/categories?post=211821"},{"taxonomy":"post_tag","embeddable":true,"href":"https:\/\/www.europesays.com\/lt\/wp-json\/wp\/v2\/tags?post=211821"}],"curies":[{"name":"wp","href":"https:\/\/api.w.org\/{rel}","templated":true}]}}