{"id":212088,"date":"2026-06-25T03:06:11","date_gmt":"2026-06-25T03:06:11","guid":{"rendered":"https:\/\/www.europesays.com\/lt\/212088\/"},"modified":"2026-06-25T03:06:11","modified_gmt":"2026-06-25T03:06:11","slug":"duju-nuotekis-salia-kauno-pilies-ziedo","status":"publish","type":"post","link":"https:\/\/www.europesays.com\/lt\/212088\/","title":{"rendered":"Duj\u0173 nuotekis \u0161alia Kauno pilies \u017eiedo"},"content":{"rendered":"<p>Tre\u010diadienio vakar\u0105 Kauno senamiestyje, ties Kauno pilies \u017eiedu, buvo laikinai sustabdytas eismas. Apie situacij\u0105 portalui \u201eKas vyksta Kaune\u201c prane\u0161\u0117 skaitytojai.<\/p>\n<p>Kauno apskrities vyriausiojo policijos komisariato atstov\u0117 portalui nurod\u0117, kad buvo gautas prane\u0161imas apie duj\u0173 nuot\u0117k\u012f \u201eCircle K\u201c degalin\u0117je, esan\u010dioje Jonavos gatv\u0117je.<\/p>\n<p>\u012e \u012fvykio viet\u0105 atvykus specialiosioms tarnyboms buvo imtasi saugumo priemoni\u0173, o eismas aplinkin\u0117se gatv\u0117se laikinai apribotas.<\/p>\n<p>Pasak policijos atstov\u0117s, atvykus tarnyboms pavojaus \u0161altinis buvo nustatytas ir pa\u0161alintas, tod\u0117l gr\u0117sm\u0117s gyventojams ar eismo dalyviams nebeliko.<\/p>\n<p>\u0160iuo metu eismas Kauno pilies \u017eiede vyksta \u012fprasta tvarka.<\/p>\n","protected":false},"excerpt":{"rendered":"Tre\u010diadienio vakar\u0105 Kauno senamiestyje, ties Kauno pilies \u017eiedu, buvo laikinai sustabdytas eismas. Apie situacij\u0105 portalui \u201eKas vyksta Kaune\u201c&hellip;\n","protected":false},"author":2,"featured_media":212089,"comment_status":"","ping_status":"","sticky":false,"template":"","format":"standard","meta":{"footnotes":"","_share_on_mastodon":"0"},"categories":[13],"tags":[7104,25,30,31,9780,32327,34,35,24,1061,32328,32,33,37,39,36,38,40,23,22,28,29,26,27],"class_list":["post-212088","post","type-post","status-publish","format-standard","has-post-thumbnail","category-lietuva","tag-7104","tag-antrastes","tag-breaking-news","tag-breakingnews","tag-circle-k","tag-duju-nuotekis","tag-featured-news","tag-featurednews","tag-headlines","tag-kaunas","tag-kauno-pilies-ziedas","tag-latest-news","tag-latestnews","tag-lietuva","tag-lietuviu","tag-lithuania","tag-lithuanian","tag-lt","tag-naujienos","tag-news","tag-populiariausios-naujienos","tag-populiariausiosnaujienos","tag-top-stories","tag-topstories"],"share_on_mastodon":{"url":"https:\/\/pubeurope.com\/@lt\/116808540689238011","error":""},"_links":{"self":[{"href":"https:\/\/www.europesays.com\/lt\/wp-json\/wp\/v2\/posts\/212088","targetHints":{"allow":["GET"]}}],"collection":[{"href":"https:\/\/www.europesays.com\/lt\/wp-json\/wp\/v2\/posts"}],"about":[{"href":"https:\/\/www.europesays.com\/lt\/wp-json\/wp\/v2\/types\/post"}],"author":[{"embeddable":true,"href":"https:\/\/www.europesays.com\/lt\/wp-json\/wp\/v2\/users\/2"}],"replies":[{"embeddable":true,"href":"https:\/\/www.europesays.com\/lt\/wp-json\/wp\/v2\/comments?post=212088"}],"version-history":[{"count":0,"href":"https:\/\/www.europesays.com\/lt\/wp-json\/wp\/v2\/posts\/212088\/revisions"}],"wp:featuredmedia":[{"embeddable":true,"href":"https:\/\/www.europesays.com\/lt\/wp-json\/wp\/v2\/media\/212089"}],"wp:attachment":[{"href":"https:\/\/www.europesays.com\/lt\/wp-json\/wp\/v2\/media?parent=212088"}],"wp:term":[{"taxonomy":"category","embeddable":true,"href":"https:\/\/www.europesays.com\/lt\/wp-json\/wp\/v2\/categories?post=212088"},{"taxonomy":"post_tag","embeddable":true,"href":"https:\/\/www.europesays.com\/lt\/wp-json\/wp\/v2\/tags?post=212088"}],"curies":[{"name":"wp","href":"https:\/\/api.w.org\/{rel}","templated":true}]}}