{"id":212233,"date":"2026-06-25T07:02:41","date_gmt":"2026-06-25T07:02:41","guid":{"rendered":"https:\/\/www.europesays.com\/lt\/212233\/"},"modified":"2026-06-25T07:02:41","modified_gmt":"2026-06-25T07:02:41","slug":"buto-apdaila-uz-10-tukst-euru-tai-darant-patiems-rizikuojama-sumoketi-daugiau-2","status":"publish","type":"post","link":"https:\/\/www.europesays.com\/lt\/212233\/","title":{"rendered":"Buto apdaila u\u017e 10 t\u016bkst. eur\u0173? Tai darant patiems rizikuojama sumok\u0117ti daugiau"},"content":{"rendered":"<p>Nepatyr\u0119 negali apskai\u010diuoti rizik\u0173<\/p>\n<p class=\"isselectedend\">Pasak \u201eOmberg Group\u201c komercijos direktor\u0117s Juditos Gedutien\u0117s, pirk\u0117jai da\u017enai skai\u010diuoja med\u017eiagas ir meistr\u0173 darb\u0105, ta\u010diau \u012f bendr\u0105 \u012frengimo kain\u0105 ne\u012ftraukia savo laiko, prastov\u0173, papildomos nuomos, logistikos, klaid\u0173 taisymo ir sprendim\u0173, kurie v\u0117liau gali kasdien trukdyti gyventi.<\/p>\n<p>    <img decoding=\"async\" src=\"https:\/\/www.europesays.com\/lt\/wp-content\/uploads\/2026\/06\/5a939786-1aaf-4fee-ad5a-d0a98716bb46.jpg\" loading=\"lazy\" alt=\"Omberg Group butas su pilna apdaila\"\/>      <\/p>\n<p class=\"isselectedend\">\u201eMatome, kad dalis pirk\u0117j\u0173 vis dar svarsto, jog savaranki\u0161kai \u012fsirengti b\u016bst\u0105 bus pigiau. Ta\u010diau \u012f bendr\u0105 kain\u0105 reikia \u012fskai\u010diuoti ne tik med\u017eiagas ir meistr\u0173 darb\u0105, bet ir \u012fvairias rizikas bei sprendimus, kurie v\u0117liau gali kasdien trukdyti gyventi. Nepatogiai suplanuotos erdv\u0117s virtuv\u0117je ar vonioje, ne ten ir ne tiek, kiek reikia, roze\u010di\u0173 ir taip toliau. Tod\u0117l pirk\u0117jams geriau kelis kartus pagalvoti, ar jiems verta spr\u0119sti problemas, su kuriomis iki \u0161iol nebuvo susid\u016br\u0119, ar patik\u0117ti tai profesionalams\u201c, \u2013 sako J. Gedutien\u0117.<\/p>\n<p class=\"isselectedend\">Jos teigimu, b\u016bsto \u012frengimas n\u0117ra vien grind\u0173 danga, da\u017eai ir baldai. Tai keli\u0173 m\u0117nesi\u0173 projektas, kuriame viena klaida gali i\u0161balansuoti vis\u0105 eig\u0105. V\u0117luoja elektrikas \u2013 nebeatva\u017eiuoja plyteli\u0173 meistras. Pav\u0117luoja santechnika \u2013 stoja vonios \u012frengimas. Pamir\u0161tas elektros lizdas \u2013 reikia ardyti, taisyti, laukti. Ir tada pigesnis kelias pradeda brangti ne tik eurais, bet ir nervais.<\/p>\n<p>Ne visi pasiruo\u0161\u0119 tapti \u201ebrigadininkais\u201c<\/p>\n<p class=\"isselectedend\">\u201eM\u016bs\u0173 tikslas n\u0117ra pasakyti, kad \u017emogus negali \u012fsirengti b\u016bsto pats. Ta\u010diau norime, kad pirk\u0117jas ai\u0161kiai \u012fsivertint\u0173, kiek i\u0161 ties\u0173 kainuoja savaranki\u0161kas \u012frengimas \u2013 ne tik eurais, bet ir laiku, stresu bei rizika padaryti klaid\u0173. Profesionaliai suplanuotas procesas padeda i\u0161vengti daugelio situacij\u0173, kurios i\u0161 prad\u017ei\u0173 atrodo smulkios, bet v\u0117liau tampa brangios arba nepatogios\u201c, \u2013 teigia J. Gedutien\u0117.<\/p>\n<p class=\"isselectedend\">Apdailos darbus vykdan\u010dios \u012fmon\u0117s \u201eM\u0117lyna Citrina\u201c direktorius Darius Valkauskas sako, kad pati pirmoji klaida da\u017enai padaroma dar neprad\u0117jus remonto \u2013 manant, kad savaranki\u0161kai organizuojamas \u012frengimas savaime bus pigesnis.<\/p>\n<p>    <img decoding=\"async\" src=\"https:\/\/www.europesays.com\/lt\/wp-content\/uploads\/2026\/06\/6903cf83-c011-4441-a757-e2610261e2d0.jpg\" loading=\"lazy\" alt=\"Omberg Group butas su pilna apdaila\"\/>    <\/p>\n<p class=\"isselectedend\">\u201eSavaranki\u0161kai \u012fsirengin\u0117jant but\u0105 da\u017enai nepagalvojama, kad teks surasti ne vien\u0105, o net kelis skirtingus specialistus \u2013 elektrikus, santechnikus, \u0160VOK sistem\u0173 specialistus, gipsininkus, da\u017eytojus, dailides. O juos suradus \u2013 sud\u0117lioti efektyv\u0173 darb\u0173 eili\u0161kum\u0105, suderinti terminus ir u\u017etikrinti, kad vieno specialisto v\u0117lavimas nesustabdyt\u0173 viso proceso\u201c, \u2013 sako D. Valkauskas.<\/p>\n<p>Kiek galima sutaupyti<\/p>\n<p class=\"isselectedend\">Laikas \u012fsirengiant b\u016bst\u0105 taip pat turi kain\u0105. Savaranki\u0161kai organizuojamas \u012frengimas, pasak D. Valkausko, da\u017enai u\u017etrunka 6\u20139 m\u0117nesius. Jeigu tuo metu \u017emogui reikia nuomotis kit\u0105 b\u016bst\u0105, Vilniuje tai gali reik\u0161ti apie 800 eur\u0173 per m\u0117nes\u012f papildom\u0173 i\u0161laid\u0173. Vien nuoma per tok\u012f laikotarp\u012f gali sudaryti kelis t\u016bkstan\u010dius eur\u0173 \u2013 sum\u0105, kurios da\u017enai neb\u016bna pradiniuose \u201esusitaupysiu\u201c skai\u010diavimuose.<\/p>\n<p class=\"isselectedend\">Dar viena nematoma eilut\u0117 \u2013 med\u017eiag\u0173 logistika. Pirk\u0117jas parduotuv\u0117je mato plyteli\u0173, gipso ar grind\u0173 dangos kain\u0105, bet da\u017enai ne\u012fvertina, kad med\u017eiagas reik\u0117s atve\u017eti, sune\u0161ti, sand\u0117liuoti, o v\u0117liau dar ir pasir\u016bpinti statybini\u0173 atliek\u0173 i\u0161ve\u017eimu.<\/p>\n<p>    <img decoding=\"async\" src=\"https:\/\/www.europesays.com\/lt\/wp-content\/uploads\/2026\/06\/47185246-2ba3-4f76-8bb0-ee35c66e24c2.jpg\" loading=\"lazy\" alt=\"Omberg Group butas su pilna apdaila\"\/>    <\/p>\n<p>Mitas \u201epats nusipirksiu pigiau\u201c<\/p>\n<p class=\"isselectedend\">\u201eKlaidinga manyti, kad pats med\u017eiagas gali nusipirkti pigiau. Pardav\u0117jas su tavimi nesider\u0117s taip, kaip su \u012fmone, nuolat perkan\u010dia didesnius kiekius. Be to, med\u017eiagos pa\u010dios neatva\u017eiuos ir neu\u017elips \u012f but\u0105. Jei neveikia liftas arba jo n\u0117ra, u\u017ene\u0161imas gali stipriai padidinti galutin\u0119 med\u017eiag\u0173 kain\u0105\u201c, \u2013 teigia \u201eM\u0117lynos Citrinos\u201c vadovas.<\/p>\n<p class=\"isselectedend\">Savaranki\u0161kai \u012fsirengin\u0117jant b\u016bst\u0105, rizikuojama ir atsakomyb\u0117s ai\u0161kumu. Kai darbus atlieka atskiri meistrai, kilus problemai, prasideda ai\u0161kinimasis, kas kaltas. Jei rozet\u0117je n\u0117ra \u012ftampos, elektrikas gali sakyti, kad visk\u0105 padar\u0117 teisingai, o laid\u0105 v\u0117liau pa\u017eeid\u0117 gipsininkas. U\u017esisakius paslaug\u0105 i\u0161 vien\u0173 rank\u0173, atsakomyb\u0117 tampa ai\u0161ki.<\/p>\n<p class=\"isselectedend\">Ta\u010diau pinigai ir terminai \u2013 tik viena problemos pus\u0117. Kita pus\u0117 \u2013 sprendimai, su kuriais reik\u0117s gyventi kasdien. \u201ePasitaiko, kad formuojant gipsines pertvaras dur\u0173 anga padaroma netinkamoje vietoje, tod\u0117l dalis kambario ploto tampa sunkiai panaudojama. Da\u017enai ne\u012fvertinami plyteli\u0173 ir grind\u0173 dangos auk\u0161\u010diai, tod\u0117l atsiranda slenks\u010di\u0173. B\u016bna ir taip, kad spalva da\u017e\u0173 palet\u0117je atrodo vienaip, o nuda\u017eius sienas nat\u016bralioje \u0161viesoje \u2013 visai kitaip\u201c, \u2013 vardija D. Valkauskas.<\/p>\n<p>    <img decoding=\"async\" src=\"https:\/\/www.europesays.com\/lt\/wp-content\/uploads\/2026\/06\/7b5464e1-e47f-4fe5-b783-0f574cb1621e.jpg\" loading=\"lazy\" alt=\"Omberg Group butas su pilna apdaila\"\/>      <\/p>\n<p>Ekspertai mato, kas ma\u017eina, o kas praple\u010dia erdves<\/p>\n<p class=\"isselectedend\">Pana\u0161i logika galioja ir baldams bei interjerui. IKEA Verslo klient\u0173 padalinio vadov\u0117 Giedr\u0117 Ali\u0161auskait\u0117 pastebi, kad \u0161iuolaikiniai pirk\u0117jai b\u016bst\u0105 vertina ne tik kaip viet\u0105 gyventi, bet ir kaip ilgalaik\u0119 investicij\u0105. Tod\u0117l svarbu ne vien tai, kaip namai atrodo pirm\u0105 dien\u0105, bet ir tai, kaip jie veiks kasdien.<\/p>\n<p class=\"isselectedend\">Pasak jos, funkcionalus \u012frengimas prasideda nuo labai prakti\u0161k\u0173 klausim\u0173: kur bus laikomi daiktai, ar virtuv\u0117 patogi kasdieniam naudojimui, ar spintos neu\u017eblokuos jud\u0117jimo, ar sofa-lova tikrai tiks ma\u017eesnei erdvei, ar baldai bus lengvai pritaikomi kei\u010diantis poreikiams.<\/p>\n<p class=\"isselectedend\">\u201eModulin\u0117s bald\u0173 sistemos padeda sukurti individualius derinius nuo virtuv\u0117s iki miegamojo spint\u0173 ar sof\u0173-lov\u0173. Renkantis i\u0161 \u012fvairi\u0173 dyd\u017ei\u0173, spalv\u0173 ir fakt\u016br\u0173, jas galima pritaikyti skirtingo dyd\u017eio erdv\u0117ms ir interjero stiliams\u201c, \u2013 teigia G. Ali\u0161auskait\u0117.<\/p>\n<p class=\"isselectedend\">Ji pabr\u0117\u017eia, kad galimyb\u0117 skirting\u0173 nam\u0173 erdvi\u0173 sprendimus \u012fsigyti i\u0161 vien\u0173 rank\u0173 taupo laik\u0105 ir energij\u0105. Interjero dizaineriai gali parengti konkre\u010diai erdvei pritaikyt\u0105 projekt\u0105, vizualizacijas, reikaling\u0173 bald\u0173 s\u0105ra\u0161\u0105 ir s\u0105mat\u0105. Tai ypa\u010d svarbu tiems, kurie nori greitai \u012fsikelti arba b\u016bst\u0105 planuoja nuomoti.<\/p>\n<p class=\"isselectedend\">\u201eVidutini\u0161kai vieno projekto \u012fgyvendinimas u\u017etrunka nuo keli\u0173 savai\u010di\u0173 iki m\u0117nesio. Tai rei\u0161kia galimyb\u0119 grei\u010diau \u012fsikelti \u012f naujus namus arba grei\u010diau gauti pajamas i\u0161 investicijai skirto b\u016bsto\u201c, \u2013 sako IKEA atstov\u0117.<\/p>\n<p>    <img decoding=\"async\" src=\"https:\/\/www.europesays.com\/lt\/wp-content\/uploads\/2026\/06\/33537f10-4773-4147-927c-cf5509fbd9d8.jpg\" loading=\"lazy\" alt=\"Omberg Group butas su pilna apdaila\"\/>      <\/p>\n<p>Protingas \u012frengimas \u2013 ne brangus, o patogus<\/p>\n<p class=\"isselectedend\">\u201eOmberg Group\u201c pirk\u0117jams sudaro galimyb\u0119 rinktis profesionaliai atliekam\u0105 apdail\u0105, o kai kuriuose projektuose \u2013 ir butus su IKEA ekspertiniu \u012frengimu.<\/p>\n<p class=\"isselectedend\">Pasak J. Gedutien\u0117s, klausimas, ar \u012fmanoma but\u0105 \u012fsirengti u\u017e 10 t\u016bkst. eur\u0173, n\u0117ra pats tiksliausias. Svarbiau klausti kitaip: kiek i\u0161 ties\u0173 kainuos \u012fsirengimas, jei \u012fskai\u010diuosite v\u0117lavimus, nuom\u0105, med\u017eiag\u0173 pristatym\u0105, klaid\u0173 taisym\u0105 ir savo laik\u0105?<\/p>\n<p class=\"isselectedend\">\u201eProtingas \u012frengimas neb\u016btinai rei\u0161kia brangiausi\u0105 \u012frengim\u0105. Da\u017enai jis rei\u0161kia \u2013 ai\u0161k\u0173 plan\u0105, ma\u017eiau klaid\u0173, trumpesn\u012f keli\u0105 iki \u012fsik\u0117limo ir namus, kuriuose patogu gyventi ne tik pirm\u0105 savait\u0119 po remonto, bet ir kasdien\u201c, \u2013 reziumuoja ji.<\/p>\n<p class=\"isselectedend\">Prane\u0161im\u0105 pareng\u0117 Omberg Group. U\u017e pateiktos informacijos atitikim\u0105 tikrovei ir teis\u0117tum\u0105 atsako prane\u0161imo reng\u0117jas.<\/p>\n","protected":false},"excerpt":{"rendered":"Nepatyr\u0119 negali apskai\u010diuoti rizik\u0173 Pasak \u201eOmberg Group\u201c komercijos direktor\u0117s Juditos Gedutien\u0117s, pirk\u0117jai da\u017enai skai\u010diuoja med\u017eiagas ir meistr\u0173 darb\u0105,&hellip;\n","protected":false},"author":2,"featured_media":212234,"comment_status":"","ping_status":"","sticky":false,"template":"","format":"standard","meta":{"footnotes":"","_share_on_mastodon":"0"},"categories":[17],"tags":[81,32347,37,39,36,38,40,22899,46],"class_list":["post-212233","post","type-post","status-publish","format-standard","has-post-thumbnail","category-verslas","tag-business","tag-busto-apdaila","tag-lietuva","tag-lietuviu","tag-lithuania","tag-lithuanian","tag-lt","tag-omberg-group","tag-verslas"],"share_on_mastodon":{"url":"https:\/\/pubeurope.com\/@lt\/116809469043219173","error":""},"_links":{"self":[{"href":"https:\/\/www.europesays.com\/lt\/wp-json\/wp\/v2\/posts\/212233","targetHints":{"allow":["GET"]}}],"collection":[{"href":"https:\/\/www.europesays.com\/lt\/wp-json\/wp\/v2\/posts"}],"about":[{"href":"https:\/\/www.europesays.com\/lt\/wp-json\/wp\/v2\/types\/post"}],"author":[{"embeddable":true,"href":"https:\/\/www.europesays.com\/lt\/wp-json\/wp\/v2\/users\/2"}],"replies":[{"embeddable":true,"href":"https:\/\/www.europesays.com\/lt\/wp-json\/wp\/v2\/comments?post=212233"}],"version-history":[{"count":0,"href":"https:\/\/www.europesays.com\/lt\/wp-json\/wp\/v2\/posts\/212233\/revisions"}],"wp:featuredmedia":[{"embeddable":true,"href":"https:\/\/www.europesays.com\/lt\/wp-json\/wp\/v2\/media\/212234"}],"wp:attachment":[{"href":"https:\/\/www.europesays.com\/lt\/wp-json\/wp\/v2\/media?parent=212233"}],"wp:term":[{"taxonomy":"category","embeddable":true,"href":"https:\/\/www.europesays.com\/lt\/wp-json\/wp\/v2\/categories?post=212233"},{"taxonomy":"post_tag","embeddable":true,"href":"https:\/\/www.europesays.com\/lt\/wp-json\/wp\/v2\/tags?post=212233"}],"curies":[{"name":"wp","href":"https:\/\/api.w.org\/{rel}","templated":true}]}}