{"id":212573,"date":"2026-06-25T13:17:04","date_gmt":"2026-06-25T13:17:04","guid":{"rendered":"https:\/\/www.europesays.com\/lt\/212573\/"},"modified":"2026-06-25T13:17:04","modified_gmt":"2026-06-25T13:17:04","slug":"parduota-viena-zinomiausiu-vilniaus-kepyklu-laukia-pletra-ir-naujos-vietos","status":"publish","type":"post","link":"https:\/\/www.europesays.com\/lt\/212573\/","title":{"rendered":"Parduota viena \u017einomiausi\u0173 Vilniaus kepykl\u0173: laukia pl\u0117tra ir naujos vietos"},"content":{"rendered":"<p class=\"wp-block-paragraph\">Maisto gamybos ir rengini\u0173 maitinimo verslas \u201eSoul Kitchen\u201c \u012fsigijo\u00a0konditerijos ir kulinarijos prek\u0117s \u017eenkl\u0105 \u201eMa\u017eoji Ragain\u0117\u201c.\u00a0<\/p>\n<p class=\"wp-block-paragraph\">Bendrov\u0117s \u201eKarenas\u201c, valdan\u010dios \u201eSoul Kitchen\u201c, vadovas Marek Ser\u017eantovi\u010d teigia, kad n\u0117ra planuojama keisti \u201eMa\u017eosios Ragain\u0117s\u201c pavadinimo.<\/p>\n<p class=\"wp-block-paragraph\">\u201e\u0160is \u017eingsnis yra nuoseklios pl\u0117tros strategijos dalis. (\u2026) \u201eMa\u017eoji Ragain\u0117\u201c turi tai, ko ne\u012fmanoma sukurti per vienerius metus \u2013 klient\u0173 pasitik\u0117jim\u0105, ilgametes tradicijas ir emocin\u012f ry\u0161\u012f su keliomis vilnie\u010di\u0173 kartomis. M\u016bs\u0173 tikslas n\u0117ra pakeisti \u0161\u012f vard\u0105. Prie\u0161ingai \u2013 siekiame investuoti \u012f jo pl\u0117tr\u0105, modernizacij\u0105 ir atverti naujas galimybes\u201c, \u2013 prane\u0161ime cituojamas M. Ser\u017eantovi\u010d.<\/p>\n<p class=\"wp-block-paragraph\">\u201eMa\u017eosios Ragain\u0117s\u201c vardas ir toliau bus vystomas bei stiprinamas, i\u0161saugant jo identitet\u0105, klient\u0173 pam\u0117gtus gaminius ir ilgametes tradicijas\u201c, \u2013 sako jis.<\/p>\n<p class=\"wp-block-paragraph\">Pasak M. Ser\u017eantovi\u010d, \u201eMa\u017eosios Ragain\u0117s\u201c \u012fsigijimas atveria naujas galimybes pl\u0117sti veikl\u0105 tiek ma\u017emenin\u0117je prekyboje, tiek maisto gamybos ir maitinimo paslaug\u0173 segmente.<\/p>\n<p class=\"wp-block-paragraph\">\u0160iuo metu \u201eMa\u017eoji Ragain\u0117\u201c veikia keturiose vietose Vilniuje \u2013 prekybos centruose \u201e<a style=\"font-weight:bold;\" href=\"https:\/\/madeinvilnius.lt\/tema\/panorama\/\" target=\"_blank\" rel=\"nofollow noopener\">Panorama<\/a>\u201c ir CUP, <a style=\"font-weight:bold;\" href=\"https:\/\/madeinvilnius.lt\/tema\/pilaite\/\" target=\"_blank\" rel=\"nofollow noopener\">Pilait\u0117je<\/a> bei Gari\u016bn\u0173 maisto turguje. Skelbiama, kad artimiausiuose planuose \u2013 dar dvi naujos vietos Vilniuje bei pl\u0117tra <a style=\"font-weight:bold;\" href=\"https:\/\/madeinvilnius.lt\/tema\/kaunas\/\" target=\"_blank\" rel=\"nofollow noopener\">Kaune<\/a>, numatoma sukurti 20 nauj\u0173 darbo viet\u0173.\u00a0<\/p>\n<p class=\"wp-block-paragraph\">\u201eSoul Kitchen\u201c yra \u201eKarenas\u201c vystomas maisto gamybos ir rengini\u0173 maitinimo prek\u0117s \u017eenklas, daugiau nei de\u0161imtmet\u012f veikiantis Vilniuje. Bendrov\u0117 specializuojasi rengini\u0173 maitinimo, verslo klient\u0173 aptarnavimo, \u0161ventini\u0173 u\u017esakym\u0173 ir maisto gamybos srityse.<\/p>\n<p class=\"wp-block-paragraph\">Tuo metu \u201eMa\u017eoji Ragain\u0117\u201c \u2013 daugiau nei 30 met\u0173 veikl\u0105 vystantis konditerijos ir kulinarijos prek\u0117s \u017eenklas, \u017einomas d\u0117l tradicini\u0173 recept\u0173, rank\u0173 darbo tort\u0173, desert\u0173, kulinarini\u0173 gamini\u0173 ir \u0161ventini\u0173 u\u017esakym\u0173.<\/p>\n<p class=\"wp-block-paragraph\">Kaip skelb\u0117 ELTA, 2023 m. \u201eMa\u017eoji Ragain\u0117\u201c prekin\u012f \u017eenkl\u0105 \u012fsigijo \u201eRabuva\u201c.<\/p>\n","protected":false},"excerpt":{"rendered":"Maisto gamybos ir rengini\u0173 maitinimo verslas \u201eSoul Kitchen\u201c \u012fsigijo\u00a0konditerijos ir kulinarijos prek\u0117s \u017eenkl\u0105 \u201eMa\u017eoji Ragain\u0117\u201c.\u00a0 Bendrov\u0117s \u201eKarenas\u201c, valdan\u010dios&hellip;\n","protected":false},"author":2,"featured_media":212574,"comment_status":"","ping_status":"","sticky":false,"template":"","format":"standard","meta":{"footnotes":"","_share_on_mastodon":"0"},"categories":[17],"tags":[81,21588,37,39,36,38,40,65,46],"class_list":["post-212573","post","type-post","status-publish","format-standard","has-post-thumbnail","category-verslas","tag-business","tag-kepykla","tag-lietuva","tag-lietuviu","tag-lithuania","tag-lithuanian","tag-lt","tag-naujiena","tag-verslas"],"share_on_mastodon":{"url":"https:\/\/pubeurope.com\/@lt\/116810943229336652","error":""},"_links":{"self":[{"href":"https:\/\/www.europesays.com\/lt\/wp-json\/wp\/v2\/posts\/212573","targetHints":{"allow":["GET"]}}],"collection":[{"href":"https:\/\/www.europesays.com\/lt\/wp-json\/wp\/v2\/posts"}],"about":[{"href":"https:\/\/www.europesays.com\/lt\/wp-json\/wp\/v2\/types\/post"}],"author":[{"embeddable":true,"href":"https:\/\/www.europesays.com\/lt\/wp-json\/wp\/v2\/users\/2"}],"replies":[{"embeddable":true,"href":"https:\/\/www.europesays.com\/lt\/wp-json\/wp\/v2\/comments?post=212573"}],"version-history":[{"count":0,"href":"https:\/\/www.europesays.com\/lt\/wp-json\/wp\/v2\/posts\/212573\/revisions"}],"wp:featuredmedia":[{"embeddable":true,"href":"https:\/\/www.europesays.com\/lt\/wp-json\/wp\/v2\/media\/212574"}],"wp:attachment":[{"href":"https:\/\/www.europesays.com\/lt\/wp-json\/wp\/v2\/media?parent=212573"}],"wp:term":[{"taxonomy":"category","embeddable":true,"href":"https:\/\/www.europesays.com\/lt\/wp-json\/wp\/v2\/categories?post=212573"},{"taxonomy":"post_tag","embeddable":true,"href":"https:\/\/www.europesays.com\/lt\/wp-json\/wp\/v2\/tags?post=212573"}],"curies":[{"name":"wp","href":"https:\/\/api.w.org\/{rel}","templated":true}]}}