{"id":212953,"date":"2026-06-25T19:44:12","date_gmt":"2026-06-25T19:44:12","guid":{"rendered":"https:\/\/www.europesays.com\/lt\/212953\/"},"modified":"2026-06-25T19:44:12","modified_gmt":"2026-06-25T19:44:12","slug":"lietuvoje-karjera-pradejes-lamelo-ballas-ismainytas-nba","status":"publish","type":"post","link":"https:\/\/www.europesays.com\/lt\/212953\/","title":{"rendered":"Lietuvoje karjer\u0105 prad\u0117j\u0119s LaMelo Ballas \u2013 i\u0161mainytas NBA"},"content":{"rendered":"<p>\u201eHornets\u201c \u012f main\u0173 paket\u0105 taip pat \u012ftrauk\u0117 puol\u0117j\u0105 Josh\u0105 Green\u0105, o u\u017e \u0161\u012f duet\u0105 komanda gaus auk\u0161ta\u016bg\u012f Naz\u0105 Reid\u0105, vien\u0105 neapsaugot\u0105 2033 m. pirmojo rato \u0161aukim\u0105, tris galimybes apsikeisti pirmojo rato \u0161aukimais ir dar tris antrojo rato \u0161aukimus.<\/p>\n<p>Primename, kad L. Ballas profesionalaus krep\u0161ininko karjer\u0105 dar prie\u0161 a\u0161tuonerius metus prad\u0117jo b\u016btent Prienuose. 2020 m. NBA naujok\u0173 bir\u017eoje gyn\u0117jas buvo pakviestas tre\u010diuoju \u0161aukimu tos pa\u010dios \u0160arlot\u0117s organizacijos, kurios garb\u0119 gyn\u0117 iki \u0161iol.<\/p>\n<p>24-eri\u0173 amerikietis nuo pat pirm\u0173j\u0173 dien\u0173 tapo pagrindiniu ekipos lyderiu, o \u0161\u012f sezon\u0105 per su\u017eaistas 72 rungtynes rinko 20,2 ta\u0161ko, 4,8 atkovoto kamuolio ir 7,2 rezultatyvaus perdavimo vidurkius, ant parketo praleisdamas vidutini\u0161kai po 28 minutes.<\/p>\n<p>203 cm \u016bgio \u012f\u017eaid\u0117jas taip pat susi\u017e\u0117r\u0117 asmenini\u0173 apdovanojim\u0173 \u2013 buvo i\u0161rinktas geriausiu 2020-2021 m. sezono naujoku ir 2022 m. dalyvavo \u201eVis\u0173 \u017evaig\u017ed\u017ei\u0173\u201c ma\u010de. Kita vertus, \u201eHornets\u201c per tuos \u0161e\u0161erius metus n\u0117 sykio nepateko \u012f atkrintam\u0105sias.<\/p>\n<p>Tuo metu po septyni\u0173 sezon\u0173 su \u201eTimberwolves\u201c atsisveikin\u0119s 26-eri\u0173 N. Reidas fiksavo 13,5 ta\u0161ko, 6,4 sugriebto kamuolio ir 2,2 rezultatyvaus perdavimo statistik\u0105 per 26 minutes. 2024 m. auk\u0161ta\u016bgis buvo pripa\u017eintas geriausiu NBA atsarginiu \u017eaid\u0117ju.<\/p>\n<p>Minesotos komanda 2024 ir 2025 m. nu\u017eygiavo iki Vakar\u0173 konferencijos finalo, ta\u010diau abu sykius juose suklupo. Savo ruo\u017etu pra\u0117jus\u012f sezon\u0105 ekipos kelion\u0117 baig\u0117si pusfinalyje, kai 2:4 pralaim\u0117jo b\u016bsimiems vice\u010dempionams San Antonijaus \u201eSpurs\u201c. <\/p>\n","protected":false},"excerpt":{"rendered":"\u201eHornets\u201c \u012f main\u0173 paket\u0105 taip pat \u012ftrauk\u0117 puol\u0117j\u0105 Josh\u0105 Green\u0105, o u\u017e \u0161\u012f duet\u0105 komanda gaus auk\u0161ta\u016bg\u012f Naz\u0105&hellip;\n","protected":false},"author":2,"featured_media":212954,"comment_status":"","ping_status":"","sticky":false,"template":"","format":"standard","meta":{"footnotes":"","_share_on_mastodon":"0"},"categories":[19],"tags":[22408,37,39,36,38,40,4004,310,12545,47,104],"class_list":["post-212953","post","type-post","status-publish","format-standard","has-post-thumbnail","category-sportas","tag-lamelo-ballas","tag-lietuva","tag-lietuviu","tag-lithuania","tag-lithuanian","tag-lt","tag-minesotos-timberwolves","tag-nba","tag-sarlotes-hornets","tag-sportas","tag-sports"],"share_on_mastodon":{"url":"https:\/\/pubeurope.com\/@lt\/116812465042774385","error":""},"_links":{"self":[{"href":"https:\/\/www.europesays.com\/lt\/wp-json\/wp\/v2\/posts\/212953","targetHints":{"allow":["GET"]}}],"collection":[{"href":"https:\/\/www.europesays.com\/lt\/wp-json\/wp\/v2\/posts"}],"about":[{"href":"https:\/\/www.europesays.com\/lt\/wp-json\/wp\/v2\/types\/post"}],"author":[{"embeddable":true,"href":"https:\/\/www.europesays.com\/lt\/wp-json\/wp\/v2\/users\/2"}],"replies":[{"embeddable":true,"href":"https:\/\/www.europesays.com\/lt\/wp-json\/wp\/v2\/comments?post=212953"}],"version-history":[{"count":0,"href":"https:\/\/www.europesays.com\/lt\/wp-json\/wp\/v2\/posts\/212953\/revisions"}],"wp:featuredmedia":[{"embeddable":true,"href":"https:\/\/www.europesays.com\/lt\/wp-json\/wp\/v2\/media\/212954"}],"wp:attachment":[{"href":"https:\/\/www.europesays.com\/lt\/wp-json\/wp\/v2\/media?parent=212953"}],"wp:term":[{"taxonomy":"category","embeddable":true,"href":"https:\/\/www.europesays.com\/lt\/wp-json\/wp\/v2\/categories?post=212953"},{"taxonomy":"post_tag","embeddable":true,"href":"https:\/\/www.europesays.com\/lt\/wp-json\/wp\/v2\/tags?post=212953"}],"curies":[{"name":"wp","href":"https:\/\/api.w.org\/{rel}","templated":true}]}}