{"id":213006,"date":"2026-06-25T21:16:33","date_gmt":"2026-06-25T21:16:33","guid":{"rendered":"https:\/\/www.europesays.com\/lt\/213006\/"},"modified":"2026-06-25T21:16:33","modified_gmt":"2026-06-25T21:16:33","slug":"i-laiva-hormuzo-sasiauryje-pataike-nezinomas-sviedinys","status":"publish","type":"post","link":"https:\/\/www.europesays.com\/lt\/213006\/","title":{"rendered":"\u012e laiv\u0105 Hormuzo s\u0105siauryje pataik\u0117 ne\u017einomas sviedinys"},"content":{"rendered":"<p>Jungtin\u0117s Karalyst\u0117 j\u016br\u0173 prekybos operacij\u0173 (UKMTO) saugumo agent\u016bra prane\u0161\u0117, kad incidentas \u012fvyko u\u017e 7,5 j\u016brmyl\u0117s (14 kilometr\u0173) \u012f pietry\u010dius nuo Dahito Omano Musandamo eksklave.\u00a0<\/p>\n<p>\u201e\u012e krovininio laivo de\u0161in\u012fj\u012f bort\u0105 pataik\u0117 ne\u017einomas sviedinys ir apgadino tiltel\u012f. Kapitonas neprane\u0161\u0117 apie aukas ir poveik\u012f aplinkai\u201c, \u2013 teig\u0117 UKMTO.\u00a0<\/p>\n<p>Brit\u0173 j\u016br\u0173 saugumo \u012fmon\u0117 \u201eVanguard Tech\u201c nustat\u0117, kad laivas yra su Singap\u016bro v\u0117liava plaukiojantis \u201eEver Lovely\u201c.\u00a0<\/p>\n<p>Incidentas \u012fvyko po daugiau nei savait\u0119 trukusios santykin\u0117s ramyb\u0117s <a rel=\"noopener nofollow\" target=\"_blank\" href=\"https:\/\/www.delfi.lt\/temos\/hormuzo-sasiauris\" tag-id=\"78505561\">Hormuzo s\u0105siauryje<\/a>, kai Teheranas ir Va\u0161ingtonas panaikino blokadas, vadovaudamiesi supratimo memorandumu, skirtu sustabdyti kar\u0105 Artimuosiuose Rytuose, ir tuo metu, kai Iranas ir Omanas aptaria b\u016bsim\u0105 strateginio vandens kelio administravim\u0105, kaip numatyta susitarime.\u00a0<\/p>\n<p>Iranas ne kart\u0105 tvirtino, kad ir toliau kontroliuos gyvybi\u0161kai svarb\u0173 naftos ir duj\u0173 gabenimo keli\u0105 ir \u012fves mokes\u010dius u\u017e jo tranzit\u0105. Jungtin\u0117s Valstijos tam grie\u017etai prie\u0161tarauja.\u00a0<\/p>\n<p><a rel=\"noopener nofollow\" target=\"_blank\" href=\"https:\/\/www.delfi.lt\/temos\/omanas\" tag-id=\"21801787\">Omanas<\/a> anks\u010diau \u0161i\u0105 savait\u0119 parei\u0161k\u0117 svarstantis galimyb\u0119 nustatyti mokes\u010dius, bet ketvirtadien\u012f jo u\u017esienio reikal\u0173 ministras parei\u0161k\u0117, kad jokie tranzito mokes\u010diai n\u0117ra numatyti.<\/p>\n<p>Omanas taip pat paskelb\u0117 apie nauj\u0105 laikin\u0105 mar\u0161rut\u0105 per Hormuzo s\u0105siaur\u012f palei jo pakrant\u0119, ta\u010diau Irano revoliucin\u0117 gvardija v\u0117liau tvirtino, kad \u201evienintelis leid\u017eiamas mar\u0161rutas\u201c per \u0161\u012f vandens keli\u0105 yra tas, apie kur\u012f paskelb\u0117 Iranas.\u00a0<\/p>\n","protected":false},"excerpt":{"rendered":"Jungtin\u0117s Karalyst\u0117 j\u016br\u0173 prekybos operacij\u0173 (UKMTO) saugumo agent\u016bra prane\u0161\u0117, kad incidentas \u012fvyko u\u017e 7,5 j\u016brmyl\u0117s (14 kilometr\u0173) \u012f&hellip;\n","protected":false},"author":2,"featured_media":213007,"comment_status":"","ping_status":"","sticky":false,"template":"","format":"standard","meta":{"footnotes":"","_share_on_mastodon":"0"},"categories":[15],"tags":[25,30,31,3346,34,35,24,19418,32,33,37,39,36,38,40,23,22,13181,44,28,29,26,27,74,75,76],"class_list":["post-213006","post","type-post","status-publish","format-standard","has-post-thumbnail","category-pasaulis","tag-antrastes","tag-breaking-news","tag-breakingnews","tag-elta-uzsienio-naujiena","tag-featured-news","tag-featurednews","tag-headlines","tag-hormuzo-sasiauris","tag-latest-news","tag-latestnews","tag-lietuva","tag-lietuviu","tag-lithuania","tag-lithuanian","tag-lt","tag-naujienos","tag-news","tag-omanas","tag-pasaulis","tag-populiariausios-naujienos","tag-populiariausiosnaujienos","tag-top-stories","tag-topstories","tag-world","tag-world-news","tag-worldnews"],"share_on_mastodon":{"url":"https:\/\/pubeurope.com\/@lt\/116812827089630196","error":""},"_links":{"self":[{"href":"https:\/\/www.europesays.com\/lt\/wp-json\/wp\/v2\/posts\/213006","targetHints":{"allow":["GET"]}}],"collection":[{"href":"https:\/\/www.europesays.com\/lt\/wp-json\/wp\/v2\/posts"}],"about":[{"href":"https:\/\/www.europesays.com\/lt\/wp-json\/wp\/v2\/types\/post"}],"author":[{"embeddable":true,"href":"https:\/\/www.europesays.com\/lt\/wp-json\/wp\/v2\/users\/2"}],"replies":[{"embeddable":true,"href":"https:\/\/www.europesays.com\/lt\/wp-json\/wp\/v2\/comments?post=213006"}],"version-history":[{"count":0,"href":"https:\/\/www.europesays.com\/lt\/wp-json\/wp\/v2\/posts\/213006\/revisions"}],"wp:featuredmedia":[{"embeddable":true,"href":"https:\/\/www.europesays.com\/lt\/wp-json\/wp\/v2\/media\/213007"}],"wp:attachment":[{"href":"https:\/\/www.europesays.com\/lt\/wp-json\/wp\/v2\/media?parent=213006"}],"wp:term":[{"taxonomy":"category","embeddable":true,"href":"https:\/\/www.europesays.com\/lt\/wp-json\/wp\/v2\/categories?post=213006"},{"taxonomy":"post_tag","embeddable":true,"href":"https:\/\/www.europesays.com\/lt\/wp-json\/wp\/v2\/tags?post=213006"}],"curies":[{"name":"wp","href":"https:\/\/api.w.org\/{rel}","templated":true}]}}