{"id":213258,"date":"2026-06-26T07:13:35","date_gmt":"2026-06-26T07:13:35","guid":{"rendered":"https:\/\/www.europesays.com\/lt\/213258\/"},"modified":"2026-06-26T07:13:35","modified_gmt":"2026-06-26T07:13:35","slug":"siurkstus-pazeidimai-sustabdyta-suduvos-mesos-gaminiai-veikla-respublika-lt","status":"publish","type":"post","link":"https:\/\/www.europesays.com\/lt\/213258\/","title":{"rendered":"\u0160iurk\u0161t\u016bs pa\u017eeidimai: sustabdyta \u201eS\u016bduvos m\u0117sos gaminiai\u201c veikla &#8211; Respublika.lt"},"content":{"rendered":"<p style=\"text-align: justify;\" class=\"desktop_banner\">\u00a0<\/p>\n<p style=\"text-align: left;\">\u00a0<\/p>\n<p style=\"text-align: left;\">\u201e\u012emon\u0117 veikia ne pirmus metus, ta\u010diau akivaizdu, kad net jau turint patirties versle \u012fmanoma \u0161itaip aplaid\u017eiai elgtis ir ignoruoti maisto saugos reikalavimus. Tik vie\u0161umas ir tokios veiklos skubus sustabdymas gali u\u017ekirsti keli\u0105, kad pavojinga maisto gamyba nesikartot\u0173, o vartotojai b\u016bt\u0173 apsaugoti nuo rimtesni\u0173 pasekmi\u0173\u201c, \u2013 prane\u0161ime cituojamas VMVT Alytaus apygardos prie\u017ei\u016bros skyriaus ved\u0117jas Art\u016bras \u0160imkus.<\/p>\n<p style=\"text-align: left;\">Kaip prane\u0161\u0117 tarnyba, bendrov\u0117 maisto tvarkymo veikl\u0105 vykdo jau kelerius metus, buvo tikrinta ir anks\u010diau, joje taikytos grie\u017etos sankcijos: veiklos sustabdymai, administracin\u0117s nuobaudos, taip pat draudimai tiekti \u017ealiavas bei produkcij\u0105 rinkai.<\/p>\n<p style=\"text-align: left;\">Vis d\u0117lto, skelbiama, kad pastarojo patikrinimo rezultatai parod\u0117, kad maisto saugos reikalavim\u0173 ir toliau atsainiai nesilaikoma.<\/p>\n<p style=\"text-align: left;\">Patikrinimo metu nustatyta, kad patalpos buvo ne\u0161varios ir netvarkingos, visa gamyboje naudojama \u012franga buvo neplauta, aplipusi \u012fsisen\u0117jusiais m\u0117sos bei kraujo liku\u010diais, metalin\u0117s konstrukcijos \u2013 pa\u017eeistos korozijos, o \u0161aldytuvai bei \u0161aldikliai \u2013 pasideng\u0119 pel\u0117sio apna\u0161omis.<\/p>\n<p style=\"text-align: left;\">Be to, rasta kenk\u0117j\u0173 p\u0117dsak\u0173: patalpose skraid\u0117 mus\u0117s, rasti voratinkliai bei negyvos mus\u0117s, o masalui gaudyti skirtoje d\u0117\u017eut\u0117je aptikta negyva pel\u0117.\u00a0<\/p>\n<p style=\"text-align: left;\">Patikrinimo metu buvo aptikta daugiau nei 300 kilogram\u0173 m\u0117sos \u017ealiavos ir produkcijos, kurios kilm\u0117 neai\u0161ki.\u00a0<\/p>\n<p style=\"text-align: left;\">Taip pat, VMVT teigimu, \u012fmon\u0117je visi\u0161kai nevykdomas proces\u0173 atskyrimas, suk\u0117l\u0119s tiesiogin\u0119 mikrobiologin\u0117s ir fizin\u0117s kry\u017emin\u0117s tar\u0161os rizik\u0105.<\/p>\n<p style=\"text-align: left;\">Visa patikrinimo metu rasta produkcija pripa\u017einta nesaugia, jos tiekimas rinkai u\u017edraustas.<\/p>\n<p style=\"text-align: left;\">\u0160ie pavojingi maisto produktai bus utilizuoti grie\u017etai pri\u017ei\u016brint VMVT inspektoriams.<\/p>\n","protected":false},"excerpt":{"rendered":"\u00a0 \u00a0 \u201e\u012emon\u0117 veikia ne pirmus metus, ta\u010diau akivaizdu, kad net jau turint patirties versle \u012fmanoma \u0161itaip aplaid\u017eiai&hellip;\n","protected":false},"author":2,"featured_media":213259,"comment_status":"","ping_status":"","sticky":false,"template":"","format":"standard","meta":{"footnotes":"","_share_on_mastodon":"0"},"categories":[13],"tags":[25,30,31,34,35,24,32,33,37,39,36,38,40,6417,23,22,9230,28,29,32456,26,27,7413,1073],"class_list":["post-213258","post","type-post","status-publish","format-standard","has-post-thumbnail","category-lietuva","tag-antrastes","tag-breaking-news","tag-breakingnews","tag-featured-news","tag-featurednews","tag-headlines","tag-latest-news","tag-latestnews","tag-lietuva","tag-lietuviu","tag-lithuania","tag-lithuanian","tag-lt","tag-marijampole","tag-naujienos","tag-news","tag-pazeidimai","tag-populiariausios-naujienos","tag-populiariausiosnaujienos","tag-suduvos-mesos-gaminiai","tag-top-stories","tag-topstories","tag-veikla","tag-vmvt"],"share_on_mastodon":{"url":"https:\/\/pubeurope.com\/@lt\/116815174318401632","error":""},"_links":{"self":[{"href":"https:\/\/www.europesays.com\/lt\/wp-json\/wp\/v2\/posts\/213258","targetHints":{"allow":["GET"]}}],"collection":[{"href":"https:\/\/www.europesays.com\/lt\/wp-json\/wp\/v2\/posts"}],"about":[{"href":"https:\/\/www.europesays.com\/lt\/wp-json\/wp\/v2\/types\/post"}],"author":[{"embeddable":true,"href":"https:\/\/www.europesays.com\/lt\/wp-json\/wp\/v2\/users\/2"}],"replies":[{"embeddable":true,"href":"https:\/\/www.europesays.com\/lt\/wp-json\/wp\/v2\/comments?post=213258"}],"version-history":[{"count":0,"href":"https:\/\/www.europesays.com\/lt\/wp-json\/wp\/v2\/posts\/213258\/revisions"}],"wp:featuredmedia":[{"embeddable":true,"href":"https:\/\/www.europesays.com\/lt\/wp-json\/wp\/v2\/media\/213259"}],"wp:attachment":[{"href":"https:\/\/www.europesays.com\/lt\/wp-json\/wp\/v2\/media?parent=213258"}],"wp:term":[{"taxonomy":"category","embeddable":true,"href":"https:\/\/www.europesays.com\/lt\/wp-json\/wp\/v2\/categories?post=213258"},{"taxonomy":"post_tag","embeddable":true,"href":"https:\/\/www.europesays.com\/lt\/wp-json\/wp\/v2\/tags?post=213258"}],"curies":[{"name":"wp","href":"https:\/\/api.w.org\/{rel}","templated":true}]}}