{"id":213267,"date":"2026-06-26T07:20:25","date_gmt":"2026-06-26T07:20:25","guid":{"rendered":"https:\/\/www.europesays.com\/lt\/213267\/"},"modified":"2026-06-26T07:20:25","modified_gmt":"2026-06-26T07:20:25","slug":"gintaras-furmanavicius-apie-planus-respublika-lt","status":"publish","type":"post","link":"https:\/\/www.europesays.com\/lt\/213267\/","title":{"rendered":"Gintaras FURMANAVI\u010cIUS: Apie planus &#8211; Respublika.lt"},"content":{"rendered":"<p style=\"text-align: justify;\" class=\"desktop_banner\">\u00a0<\/p>\n<p>Vieni pompasti\u0161kai kalba apie istorinius planus, kiti &#8211; apie v\u0117luojan\u010di\u0105 infrastrukt\u016br\u0105, treti skai\u010diuoja, kiek dar tr\u016bksta kari\u0173, ser\u017eant\u0173, karinink\u0173, tank\u0173, haubic\u0173 ir pinig\u0173.<\/p>\n<p>O visuomen\u0117, kuri vis\u0105 informacij\u0105 gauna tik i\u0161 \u017einiasklaidos, da\u017enai lieka tarp dviej\u0173 poli\u0173: vienoje pus\u0117je &#8211; optimistiniai vald\u017eios prane\u0161imai, kitoje &#8211; tos pa\u010dios \u017einiasklaidos prana\u0161yst\u0117s, kad nieko gero i\u0161 \u0161i\u0173 plan\u0173 nebus.<\/p>\n<p>\u0160tai tik dvi antra\u0161t\u0117s, pasirod\u017eiusios t\u0105 pa\u010di\u0105 besibaigian\u010dios savait\u0117s dien\u0105 Lietuvos \u017einiasklaidoje. Pirmoji skelbia: \u201eTr\u016bksta ir eilini\u0173, ir specialist\u0173 &#8211; Bundesveras nesurenka Lietuvos brigados&#8221;.<\/p>\n<p>Ir \u0161tai antroji, kuri jai kardinaliai prie\u0161tarauja: \u201eB. Pistoriusas: Vokietijos brigados dislokavimas Lietuvoje vyksta pagal plan\u0105.&#8221; Tai kaip gi yra i\u0161 ties\u0173?<\/p>\n<p>Nepretenduoju \u012f karo ekspertus, ta\u010diau su logika tikrai nesu susipyk\u0119s, tod\u0117l pasidalinsiu su jumis keliomis savo \u012f\u017evalgomis.<\/p>\n<p>Realyb\u0117, kaip da\u017eniausiai b\u016bna, yra gerokai nuobodesn\u0117 u\u017e politik\u0173 plepalus ir kartu daug rimtesn\u0117. Pirmiausia reikia suprasti, kad \u0161iandien Lietuvoje, kuri savo karingais parei\u0161kimais jau kur\u012f laik\u0105 juokina pasaul\u012f, vyksta du skirtingi, nors tarpusavyje labai glaud\u017eiai susij\u0119 procesai.<\/p>\n<p>Vienas j\u0173 &#8211; Vokietijos 45-osios \u0161arvuotosios brigados perk\u0117limas \u012f Lietuv\u0105. Kitas &#8211; Lietuvos Nacionalin\u0117s divizijos k\u016brimas.<\/p>\n<p>Vokie\u010di\u0173 brigada yra praktinis  NATO ir Vokietijos ind\u0117lis \u012f Baltijos regiono gynyb\u0105. Divizijos k\u016brimas &#8211; pa\u010dios Lietuvos bandymas pereiti \u012f visi\u0161kai kit\u0105 kariuomen\u0117s lyg\u012f.<\/p>\n<p>B\u016btent \u010dia gimsta istorija, apie kuri\u0105 dalis politik\u0173 vengia garsiai pasakoti.<\/p>\n<p>Iki \u0161iol Lietuvos kariuomen\u0117 buvo kuriama pagal paprast\u0105 princip\u0105 &#8211; tiesiog \u201etur\u0117ti kariuomen\u0119&#8221;. Dabar pirm\u0105 kart\u0105 istorijoje planuojama sukurti kariuomen\u0119, galin\u010di\u0105 realiai kariauti didelio masto konvencin\u012f kar\u0105 prie\u0161 prie\u0161i\u0161k\u0105 valstyb\u0119, kokia visada yra \u012fvardijama Rusija.<\/p>\n<p>Po Maidane \u012fvykdyto valstyb\u0117s perversmo ir 2014 met\u0173 Krymo okupacijos NATO prad\u0117jo nuosekliai stiprinti savo rytin\u012f flang\u0105. Po 2022 met\u0173 invazijos tapo akivaizdu, kad simbolini\u0173 batalion\u0173 nebeu\u017etenka.<\/p>\n<p>Reikia reali\u0173 kovini\u0173 jungini\u0173, galin\u010di\u0173 kautis nuo pirmos konflikto minut\u0117s. Tod\u0117l 2023 metais buvo priimtas istorinis sprendimas &#8211; Vokietija pirm\u0105 kart\u0105 po Antrojo pasaulinio karo nuolat dislokuos pilnavert\u0119 \u0161arvuot\u0105 brigad\u0105 u\u017e savo teritorijos rib\u0173. Ir ta vieta tapo Lietuva.<\/p>\n<p>Pasak vie\u0161ai skelbiamos informacijos, Vokietijos brigada tur\u0117t\u0173 siekti apie 5 t\u016bkstan\u010dius kari\u0173 ir civili\u0173 specialist\u0173, did\u017eioji jos dalis tur\u0117t\u0173 b\u016bti dislokuota R\u016bdninkuose ir Rukloje, o pilnas brigados paj\u0117gumas teori\u0161kai turi b\u016bti pasiektas jau po met\u0173 &#8211; 2027 metais.<\/p>\n<p>Problema ta, kad popieriuje viskas atrodo papras\u010diau, negu realyb\u0117je. \u0160i\u0173 met\u0173 prad\u017eioje Vokietijos \u017einiasklaida labai atsargiai prad\u0117jo kalb\u0117ti apie sunkumus renkant savanorius tarnybai Lietuvoje.<\/p>\n<p>Bundesveras susiduria su tomis pa\u010diomis problemomis kaip ir daugelis \u0161i\u0173 dien\u0173 Europos kariuomeni\u0173 &#8211; visose \u0161alyse katastrofi\u0161kai tr\u016bksta \u017emoni\u0173, norin\u010di\u0173 tapti ginkluot\u0173j\u0173 paj\u0117g\u0173 dalimi.<\/p>\n<p>\u012e vie\u0161um\u0105 skverbiantis tokiai informacijai, auk\u0161ti Vokietijos politikai ir generolai buvo priversti vie\u0161ai ai\u0161kinti, kad brigada bus sukomplektuota ir nereikia svarstyti alternatyvi\u0173 scenarij\u0173, kas pana\u0161u, n\u0117ra tiesa.<\/p>\n<p>Kai kurie Lietuvos politikai \u0161iuos prane\u0161imus greitai pateik\u0117 kaip \u012frodym\u0105, kad vokie\u010diai \u010dia i\u0161 viso nebeatvyks. Taip, problem\u0173 tikrai yra: Vokietijai akivaizd\u017eiai tr\u016bksta kari\u0173, tod\u0117l brigados formavimas vyksta gerokai sunkiau, negu planuota.<\/p>\n<p>Bet tuo pa\u010diu metu brigados \u0161tabas jau veikia Lietuvoje, NATO kovin\u0117 grup\u0117 integruojama \u012f brigados strukt\u016br\u0105, o Berlynas ne kart\u0105 oficialiai patvirtino, kad projektas vykdomas ir pilnas kovinis paj\u0117gumas turi b\u016bti ir bus pasiektas iki 2027 met\u0173.<\/p>\n<p>Kitaip tariant, \u0161iandien vie\u0161ame politiniame lauke diskusija vyksta ne apie tai, ar brigada bus, o apie tai, kaip greitai ir kokia apimtimi ji bus.<\/p>\n<p>Netikrumo \u012f projekto s\u0117km\u0119 v\u0117l \u012fne\u0161a ta pati \u017einiasklaida. Portalo \u201eSpiegel&#8221; teigimu, Vokietijos kariuomen\u0117 susiduria su rimtais personalo komplektavimo sunkumais.<\/p>\n<p>Did\u017eiausia problema &#8211; ne karinink\u0173 ar puskarininki\u0173 pritraukimas, o \u017eemesni\u0173 laipsni\u0173 kari\u0173 bei specifini\u0173 kompetencij\u0173 specialist\u0173 tr\u016bkumas.<\/p>\n<p>Ypa\u010d stinga informacini\u0173 technologij\u0173, chemin\u0117s, biologin\u0117s, radiologin\u0117s ir branduolin\u0117s saugos (CBRB), technikos, logistikos bei \u017evalgybos sri\u010di\u0173 darbuotoj\u0173.<\/p>\n<p>Turimi duomenys rodo, kad savanori\u0173 skai\u010dius daugelyje \u0161i\u0173 sri\u010di\u0173 yra nepakankamas &#8211; kai kur u\u017epildoma ma\u017eiau nei pus\u0117 reikaling\u0173 etat\u0173. Tuo metu karinink\u0173 ir puskarininki\u0173 verbavimas vyksta \u0161iek tiek skland\u017eiau.<\/p>\n<p>Ministras Borisas Pistoriusas pripa\u017e\u012fsta, kad vien savanori\u0173 gali nepakakti. Kalb\u0117damas visuomeninio transliuotojo ARD laidoje \u201eBericht aus Berlin&#8221;, jis pabr\u0117\u017e\u0117, jog brigados formavimas vyksta pagal plan\u0105, ta\u010diau neatmet\u0117 galimyb\u0117s, kad ateityje teks gr\u012f\u017eti prie privalomosios karo tarnybos element\u0173.<\/p>\n<p>Anot ministro, apie 90-95 proc. reikalingo personalo tikimasi surinkti savanori\u0161kumo pagrindu, ta\u010diau likusiai daliai kari\u0173 u\u017etikrinti gali prireikti privalomojo \u0161aukimo mechanizmo.<\/p>\n<p>Ne\u017einau, kaip jums, bet man sunku \u012fsivaizduoti privalom\u0105 karin\u012f \u0161aukim\u0105 Vokietijoje tam, kad atsi\u0173st\u0173 karius \u012f Lietuv\u0105.<\/p>\n<p>O kaip Lietuvoje vyksta divizijos k\u016brimas? Politikai m\u0117gsta apie j\u0105 kalb\u0117ti taip, lyg pakakt\u0173 priimti nutarim\u0105 Seime ir divizija atsiras. Labai gaila, bet divizija n\u0117ra tik lentel\u0117 organizacin\u0117je schemoje.<\/p>\n<p>Tai yra t\u016bkstan\u010di\u0173 \u017emoni\u0173, t\u016bkstan\u010diai transporto priemoni\u0173, logistika, \u017evalgyba, ry\u0161iai, oro gynyba, artilerija, in\u017eineriniai vienetai, \u0161audmen\u0173 sand\u0117liai ir \u0161imtai kilometr\u0173 tiekimo grandini\u0173.<\/p>\n<p>Kaip jau min\u0117jau, Lietuva 2023 metais paskelb\u0117 ambicing\u0105 tiksl\u0105 sukurti nacionalin\u0119 divizij\u0105 iki 2030 met\u0173. Tam prad\u0117ti mil\u017eini\u0161ki ginkluot\u0117s pirkimai, \u012fskaitant tankus, kuri\u0173 Lietuva niekada netur\u0117jo ir kuri\u0173 nauda \u0161iuolaikiniame kare labai abejotina.<\/p>\n<p>Niekam neu\u017ekli\u016bva ir tai, kad, anot Valstyb\u0117s kontrol\u0117s i\u0161vad\u0173, kai kurie pirkimai vykdomi pagal keturiolikos met\u0173 senumo pirkim\u0173 planus, o visuose pirkimuose aktyviai dalyvauja \u012fvair\u016bs tarpininkai. Ta\u010diau pagrindinis klausimas, kuriant divizij\u0105, n\u0117ra technika.<\/p>\n<p>Pagrindinis klausimas yra \u017emon\u0117s.Tankus, haubicas, net raketas galima nusipirkti. Taip, m\u016bs\u0173 vis\u0173 ir valstyb\u0117s pinigai \u0161vaistomi \u012f kair\u0119 ir \u012f de\u0161in\u0119.<\/p>\n<p>Ta\u010diau n\u0117ra toki\u0173 pinig\u0173, u\u017e kuriuos galima nusipirkti karinink\u0105. Jo parengimas trunka ne vienerius metus, o patyrusio bataliono vado &#8211; gal net vis\u0105 de\u0161imtmet\u012f.<\/p>\n<p>Tod\u0117l \u0161iandien did\u017eiausias Lietuvos i\u0161\u0161\u016bkis n\u0117ra gele\u017eis. Did\u017eiausias i\u0161\u0161\u016bkis yra \u017emogi\u0161kasis rezervas. Valstyb\u0117, kurioje jau seniai gyvena ma\u017eiau nei trys milijonai \u017emoni\u0173, vienu metu m\u0117gina didinti kariuomen\u0119, steigti divizij\u0105, priimti Vokietijos brigad\u0105, pl\u0117sti rezerv\u0105 ir ruo\u0161tis visuotinei gynybai.<\/p>\n<p>Tai ambicingiausias karinis projektas nuo nepriklausomyb\u0117s atk\u016brimo.<\/p>\n<p>Daugel\u012f met\u0173 Lietuvoje buvo kartojama, kad gynyba yra svarbi, nes nuo pat Nepriklausomyb\u0117s atk\u016brimo visi gird\u0117jome m\u0117gstam\u0105 konservatori\u0173 mantr\u0105 \u201erusai puola&#8221;.<\/p>\n<p>Ta\u010diau kai atsirado poreikis realiai tarnauti, realiai mok\u0117ti mokes\u010dius gynybai ir realiai finansuoti infrastrukt\u016br\u0105, paai\u0161k\u0117jo, kad patriotizmas socialiniuose tinkluose buvo daug svarbesnis u\u017e patriotizm\u0105 biud\u017eete.<\/p>\n<p>\u0160iandien tuo sunku patik\u0117ti, bet vis\u0105 Europ\u0105 Rusijos baubu g\u0105sdinan\u010dios karo krankl\u0117s Rasos Juknevi\u010dien\u0117s vadovavimo Kra\u0161to apsaugos ministerijai laikotarpiu (2008-2012 m.) Lietuvos gynybos finansavimas suma\u017e\u0117jo nuo ma\u017edaug 1,1 proc. iki 0,8 proc. BVP ir buvo vienas ma\u017eiausi\u0173 tarp NATO valstybi\u0173. 2010 metais i\u0161laidos gynybai jau buvo nukritusios \u017eemiau 1 proc. BVP ribos.<\/p>\n<p>Kaip visi \u017einome, 2026 met\u0173 gynybos finansavimas pasiek\u0117 5,38 procentus BVP &#8211; vien\u0105 did\u017eiausi\u0173 rodikli\u0173 NATO. \u0160ios l\u0117\u0161os nukreipiamos ir \u012f divizijos k\u016brim\u0105, infrastrukt\u016br\u0105 ir s\u0105junginink\u0173 pri\u0117mim\u0105, tuo pa\u010diu biud\u017eeto pinigais dosniai patepant \u012fvairaus plauko tarpininkus ir apie Valstyb\u0117s kontrol\u0117s i\u0161vadas nuo\u017emiai tylin\u010di\u0105 teising\u0105j\u0105 \u017einiasklaid\u0105 su visais parazituojan\u010diais \u201etyrim\u0173 skyriais&#8221;.<\/p>\n<p>NATO planuotojai \u0161iandien remiasi prielaida, kad galim\u0105 agresori\u0173 reikia stabdyti pirm\u0105j\u0105 dien\u0105, o ne laukti, kol po keli\u0173 savai\u010di\u0173 atvyks pagalba i\u0161 Vakar\u0173 Europos.<\/p>\n<p>B\u016btent tod\u0117l Lietuvoje kuriama ir nacionalin\u0117 divizija, ir nuolat dislokuojama Vokietijos brigada.<\/p>\n<p>Ar visa tai pavyks? Mano vertinimu, vienokia ar kitokia Vokietijos brigada \u010dia bus. Bet tikrai ne tod\u0117l, kad taip planuoja Lietuvos politikai.<\/p>\n<p>Brigados atsiradimas tapo ne tikv Vokietijos presti\u017eo, bet ir vis labiau silpstan\u010dio NATO patikimumo klausimu.<\/p>\n<p>Jeigu Berlynas dabar atsitraukt\u0173, gri\u016bt\u0173 ne tik projektas Lietuvoje, bet b\u016bt\u0173 smarkiai suabejota visa NATO rytinio flango strategija. Tokios kainos Vokietija mok\u0117ti negali.<\/p>\n<p>Su Nacionaline divizija situacija sud\u0117tingesn\u0117. Ji taip pat bus. Ta\u010diau tik\u0117tina, kad ne tokia ir ne tada, kaip \u0161iandien ro\u017eine spalva pie\u0161iama reprezentacin\u0117se skaidr\u0117se.<\/p>\n<p>Istorija rodo, kad kariniai projektai beveik visada v\u0117luoja, ne\u012ftik\u0117tinai i\u0161brangsta ir visada susiduria su personalo problemomis.<\/p>\n<p>Tai yra normalu, nes pinig\u0173 \u012fsisavinimas po truput\u012f tampa nacionaline religija, greitai pakeisian\u010di\u0105 krep\u0161in\u012f.<\/p>\n<p>Nenormalu b\u016bt\u0173 tik\u0117tis, kad ma\u017eesn\u0117 u\u017e Berlyn\u0105 valstyb\u0117 per kelerius metus sukurs pilnavert\u0119 moderni\u0105 divizij\u0105 be joki\u0173 trikd\u017ei\u0173.<\/p>\n<p>Tod\u0117l pagrindinis klausimas \u0161iandien n\u0117ra \u201ear bus divizija&#8221;. Pagrindinis klausimas &#8211; ar Lietuva i\u0161laikys politin\u0119 vali\u0105 j\u0105 kurti tada, kai prasid\u0117s nuovargis, ekonominiai sunkumai ir tradiciniai rinkiminiai pa\u017eadai, kad pinigus geriau i\u0161leisti viskam kitam.<\/p>\n<p>Tankus galima nupirkti, kareivines &#8211; pastatyti, o brigad\u0105 &#8211; perkelti i\u0161 Vokietijos, ta\u010diau valios gintis ne\u012fmanoma nei \u012fsigyti, nei importuoti.<\/p>\n<p>B\u016btent jos Lietuvai, matan\u010diai, kaip neatsakingai ta\u0161komi gynybos biud\u017eeto pinigai, artimiausiais metais reik\u0117s labiausiai.<\/p>\n<p>Kaip yra sak\u0119s Vinstonas \u010cer\u010dilis: \u201eTautos, kurios krinta kovodamos, v\u0117l pakyla. Tos, kurios pasiduoda be kovos, b\u016bna baigtos.&#8221;<\/p>\n","protected":false},"excerpt":{"rendered":"\u00a0 Vieni pompasti\u0161kai kalba apie istorinius planus, kiti &#8211; apie v\u0117luojan\u010di\u0105 infrastrukt\u016br\u0105, treti skai\u010diuoja, kiek dar tr\u016bksta kari\u0173,&hellip;\n","protected":false},"author":2,"featured_media":213268,"comment_status":"","ping_status":"","sticky":false,"template":"","format":"standard","meta":{"footnotes":"","_share_on_mastodon":"0"},"categories":[13],"tags":[25,30,31,3139,16679,1946,34,35,1981,24,6662,32,33,37,39,36,38,40,16035,23,22,32458,28,29,26,27,320],"class_list":["post-213267","post","type-post","status-publish","format-standard","has-post-thumbnail","category-lietuva","tag-antrastes","tag-breaking-news","tag-breakingnews","tag-brigada","tag-dislokavimas","tag-divizija","tag-featured-news","tag-featurednews","tag-furmanavicius","tag-headlines","tag-kariai","tag-latest-news","tag-latestnews","tag-lietuva","tag-lietuviu","tag-lithuania","tag-lithuanian","tag-lt","tag-nacionaline","tag-naujienos","tag-news","tag-pistorius","tag-populiariausios-naujienos","tag-populiariausiosnaujienos","tag-top-stories","tag-topstories","tag-vokietija"],"share_on_mastodon":{"url":"https:\/\/pubeurope.com\/@lt\/116815202185656157","error":""},"_links":{"self":[{"href":"https:\/\/www.europesays.com\/lt\/wp-json\/wp\/v2\/posts\/213267","targetHints":{"allow":["GET"]}}],"collection":[{"href":"https:\/\/www.europesays.com\/lt\/wp-json\/wp\/v2\/posts"}],"about":[{"href":"https:\/\/www.europesays.com\/lt\/wp-json\/wp\/v2\/types\/post"}],"author":[{"embeddable":true,"href":"https:\/\/www.europesays.com\/lt\/wp-json\/wp\/v2\/users\/2"}],"replies":[{"embeddable":true,"href":"https:\/\/www.europesays.com\/lt\/wp-json\/wp\/v2\/comments?post=213267"}],"version-history":[{"count":0,"href":"https:\/\/www.europesays.com\/lt\/wp-json\/wp\/v2\/posts\/213267\/revisions"}],"wp:featuredmedia":[{"embeddable":true,"href":"https:\/\/www.europesays.com\/lt\/wp-json\/wp\/v2\/media\/213268"}],"wp:attachment":[{"href":"https:\/\/www.europesays.com\/lt\/wp-json\/wp\/v2\/media?parent=213267"}],"wp:term":[{"taxonomy":"category","embeddable":true,"href":"https:\/\/www.europesays.com\/lt\/wp-json\/wp\/v2\/categories?post=213267"},{"taxonomy":"post_tag","embeddable":true,"href":"https:\/\/www.europesays.com\/lt\/wp-json\/wp\/v2\/tags?post=213267"}],"curies":[{"name":"wp","href":"https:\/\/api.w.org\/{rel}","templated":true}]}}