{"id":213576,"date":"2026-06-26T12:43:08","date_gmt":"2026-06-26T12:43:08","guid":{"rendered":"https:\/\/www.europesays.com\/lt\/213576\/"},"modified":"2026-06-26T12:43:08","modified_gmt":"2026-06-26T12:43:08","slug":"tresniu-kainos-vilniaus-turguose-stebina-skirtumais","status":"publish","type":"post","link":"https:\/\/www.europesays.com\/lt\/213576\/","title":{"rendered":"Tre\u0161ni\u0173 kainos Vilniaus turguose stebina skirtumais"},"content":{"rendered":"<p>  <img decoding=\"async\" src=\"https:\/\/www.europesays.com\/lt\/wp-content\/uploads\/2026\/06\/d9fc4c29-d334-4d80-a513-47604943267a.jpg\" loading=\"eager\" fetchpriority=\"high\" alt=\"Tre\u0161n\u0117s\"\/> <\/p>\n<p>Tre\u0161n\u0117s<\/p>\n<p>FOTO:  Justina Zverkyt\u0117 | Asmeninis archyvas<\/p>\n<p>Tre\u0161ni\u0173 sezonas \u012fgauna pagreit\u012f, ta\u010diau pirk\u0117jams uogas tenka rinktis ne tik pagal kain\u0105. Apsilankiau Benedikt\u0173, Kalvarij\u0173 ir Hal\u0117s turguose, kur dom\u0117jausi, i\u0161 koki\u0173 \u0161ali\u0173 atkeliavo \u0161ios vasaros uogos, kuo jos skiriasi, kiek kainuoja ir ar jau yra lietuvi\u0161k\u0173 tre\u0161ni\u0173. Paai\u0161k\u0117jo, kad kain\u0173 skirtumas siekia net de\u0161imt eur\u0173 u\u017e kilogram\u0105 \u2013 vienur radau u\u017e 5 eurus, kitur \u2013 u\u017e 17, o prekybinink\u0173 prognoz\u0117s d\u0117l vietinio derliaus \u2013 gana atsargios. <\/p>\n","protected":false},"excerpt":{"rendered":"Tre\u0161n\u0117s FOTO: Justina Zverkyt\u0117 | Asmeninis archyvas Tre\u0161ni\u0173 sezonas \u012fgauna pagreit\u012f, ta\u010diau pirk\u0117jams uogas tenka rinktis ne tik&hellip;\n","protected":false},"author":2,"featured_media":213577,"comment_status":"","ping_status":"","sticky":false,"template":"","format":"standard","meta":{"footnotes":"","_share_on_mastodon":"0"},"categories":[19],"tags":[37,39,36,38,40,47,104,31131,31960,626],"class_list":["post-213576","post","type-post","status-publish","format-standard","has-post-thumbnail","category-sportas","tag-lietuva","tag-lietuviu","tag-lithuania","tag-lithuanian","tag-lt","tag-sportas","tag-sports","tag-tresnes","tag-uogu-kainos","tag-vilnius"],"share_on_mastodon":{"url":"https:\/\/pubeurope.com\/@lt\/116816472355107784","error":""},"_links":{"self":[{"href":"https:\/\/www.europesays.com\/lt\/wp-json\/wp\/v2\/posts\/213576","targetHints":{"allow":["GET"]}}],"collection":[{"href":"https:\/\/www.europesays.com\/lt\/wp-json\/wp\/v2\/posts"}],"about":[{"href":"https:\/\/www.europesays.com\/lt\/wp-json\/wp\/v2\/types\/post"}],"author":[{"embeddable":true,"href":"https:\/\/www.europesays.com\/lt\/wp-json\/wp\/v2\/users\/2"}],"replies":[{"embeddable":true,"href":"https:\/\/www.europesays.com\/lt\/wp-json\/wp\/v2\/comments?post=213576"}],"version-history":[{"count":0,"href":"https:\/\/www.europesays.com\/lt\/wp-json\/wp\/v2\/posts\/213576\/revisions"}],"wp:featuredmedia":[{"embeddable":true,"href":"https:\/\/www.europesays.com\/lt\/wp-json\/wp\/v2\/media\/213577"}],"wp:attachment":[{"href":"https:\/\/www.europesays.com\/lt\/wp-json\/wp\/v2\/media?parent=213576"}],"wp:term":[{"taxonomy":"category","embeddable":true,"href":"https:\/\/www.europesays.com\/lt\/wp-json\/wp\/v2\/categories?post=213576"},{"taxonomy":"post_tag","embeddable":true,"href":"https:\/\/www.europesays.com\/lt\/wp-json\/wp\/v2\/tags?post=213576"}],"curies":[{"name":"wp","href":"https:\/\/api.w.org\/{rel}","templated":true}]}}