{"id":213675,"date":"2026-06-26T14:13:43","date_gmt":"2026-06-26T14:13:43","guid":{"rendered":"https:\/\/www.europesays.com\/lt\/213675\/"},"modified":"2026-06-26T14:13:43","modified_gmt":"2026-06-26T14:13:43","slug":"atrodo-komiskai-simonyte-kritikuoja-valdanciuosius-kad-susieja-budrio-ir-kinijos-klausima-respublika-lt","status":"publish","type":"post","link":"https:\/\/www.europesays.com\/lt\/213675\/","title":{"rendered":"\u201eAtrodo komi\u0161kai&#8221;: \u0160imonyt\u0117 kritikuoja valdan\u010diuosius, kad susieja Budrio ir Kinijos klausim\u0105 &#8211; Respublika.lt"},"content":{"rendered":"<p><img loading=\"lazy\" decoding=\"async\" src=\"https:\/\/www.respublika.lt\/lt\/naujienos\/lietuva\/lietuvos_politika\/atrodo-komiskai-simonyte-kritikuoja-valdanciuosius-kad-susieja-budrio-ir-kinijos-klausima\/images\/ico_camera_white.gif\" class=\"camera\" width=\"22\" height=\"15\" alt=\"nuotr.\" style=\"position:relative; top:-2px; right:2px;\"\/> 1 nuotr.<\/p>\n<p>Ingrida \u0160imonyt\u0117 ir K\u0119stutis Budrys. Eltos nuotr.<\/p>\n<p style=\"text-align: justify;\" class=\"desktop_banner\">\u00a0<\/p>\n<p style=\"text-align: left;\">Anot jos, atrodo komi\u0161kai, jog dabar agresor\u0119 Rusij\u0105 remianti valstyb\u0117 gali nulemti Lietuvos diplomatijos vadovo ateit\u012f.<\/p>\n<p style=\"text-align: left;\">\u201eAtrodo nelabai profesionaliai. Vienas dalykas yra tur\u0117ti ka\u017ekokias diskusijas diplomatiniais kanalais, visi\u0161kai kitas dalykas yra \u012fsivaryti save \u012f kamp\u0105, kaip dabar yra padaryta, kai i\u0161 esm\u0117s vie\u0161asis debatas suformuotas taip, kad nuo Kinijos sprendim\u0173 priklauso Lietuvos u\u017esienio reikal\u0173 ministro tolimesn\u0117 karjera. Niekas taip nedaro. Tai yra visi\u0161kai paikas elgesys\u201c, \u2013 penktadien\u012f \u201e\u017dini\u0173 radijui\u201c teig\u0117 I. \u0160imonyt\u0117.<\/p>\n<p style=\"text-align: left;\">\u201eBus vienas i\u0161 dviej\u0173. Bus pasi\u016blytos tokios s\u0105lygos, kuri\u0173 nenor\u0117s priimti Lietuvos pus\u0117 ir liks status quo. Arba tokios s\u0105lygos, kurios bus priimtos, bet tos s\u0105lygos vis tiek reik\u0161 tam tikr\u0105 Lietuvos pozicijos pa\u017eeminim\u0105. Ir abiem atvejais Vyriausyb\u0117 nieko nelaim\u0117s\u201c, \u2013 prid\u016br\u0117 politik\u0117.<\/p>\n<p style=\"text-align: left;\">Pasak jos, geriau nekurti l\u016bkes\u010di\u0173 vie\u0161ojoje erdv\u0117je ir nekelti scen\u0173, ta\u010diau buvo pasirinkta visi\u0161kai kita taktika.\u00a0<\/p>\n<p style=\"text-align: left;\">\u201eI\u0161vis atrodo komi\u0161kai, kai Lietuvai nedraugi\u0161ka valstyb\u0117, remianti Rusij\u0105 kare prie\u0161 Ukrain\u0105 ir visomis i\u0161gal\u0117mis palaikanti agresori\u0173, lemia m\u016bs\u0173, vieno i\u0161 did\u017eiausio Ukrainos \u0161alinink\u0173, ministro ateit\u012f\u201c, \u2013 pabr\u0117\u017e\u0117 ji.<\/p>\n<p style=\"text-align: left;\">Pasak konservator\u0117s, dabartin\u0117 situacija n\u0117ra maloni, ta\u010diau ji pabr\u0117\u017eia, kad b\u016btent Pekinas pri\u0117m\u0117 sprendim\u0105 nutraukti diplomatinius santykius.<\/p>\n<p style=\"text-align: left;\">\u201eTas akmenukas bate, kuris yra d\u0117l to, kad tie santykiai dabar yra tokioj stadijoje, n\u0117ra maloni situacija, bet pirmiausiai tokius sprendimus pri\u0117m\u0117 Kinijos pus\u0117, vadinasi, tik jos galioje tuos sprendimus pakeisti. Kita vertus, tas sprendim\u0173 pakeitimas negali ateiti ka\u017ekokio Lietuvos pa\u017eeminimo s\u0105skaita\u201c, \u2013 sak\u0117 I. \u0160imonyt\u0117.<\/p>\n<p style=\"text-align: left;\">\u201eTai \u010dia neai\u0161ku nei politi\u0161kai, k\u0105 bandoma laim\u0117ti, turint omenyje dabartin\u012f geopolitin\u012f kontekst\u0105 (&#8230;), nei ekonomine prasme\u201c, \u2013 prid\u016br\u0117 ji.<\/p>\n<p style=\"text-align: left;\">Lietuvos socialdemokrat\u0173 partijos (LSDP) pirmininkas Mindaugas Sinkevi\u010dius anks\u010diau sak\u0117 negal\u012fs patikinti, jog K. Budrys u\u017esienio reikal\u0173 ministro pareigose liks ir performavus valdan\u010di\u0105j\u0105 daugum\u0105.<\/p>\n<p style=\"text-align: left;\">Savo ruo\u017etu prezidentas Gitanas Naus\u0117da jau ne kart\u0105 sak\u0117, kad ministras tinkamai atlieka savo darb\u0105, ta\u010diau taip pat tikino, jog u\u017esienio reikal\u0173 ministro ateitis poste priklausys nuo jo \u012fdirbio santyki\u0173 su Kinija normalizavimo, susitarim\u0173 su Taivanu \u012fgyvendinimo klausimais.<\/p>\n<p style=\"text-align: left;\">Santykiai pa\u0161lijo\u00a02021 m.\u00a0<\/p>\n<p style=\"text-align: left;\">ELTA primena, kad 2021 m. pabaigoje Lietuvoje atidarius Taivanie\u010di\u0173 atstovyb\u0119 Vilniaus ir Pekino santykiai gerokai paa\u0161tr\u0117jo \u2013 Pekinas laiko Taivan\u0105 Kinijos provincija, neturin\u010dia teis\u0117s steigti atstovybi\u0173 \u0161alyse, su kuriomis Kinija palaiko oficialius ry\u0161ius.<\/p>\n<p style=\"text-align: left;\">D\u0117l Lietuvos sprendimo Kinija \u0161aliai pritaik\u0117 grie\u017etas diplomatines ir ekonomines sankcijas.\u00a0<\/p>\n<p style=\"text-align: left;\">D\u0117l to 2022 m. vasar\u012f Europos Komisija (EK) pateik\u0117 skund\u0105 Kinijai Pasaulio prekybos organizacijoje (PPO) \u2013 ES teig\u0117, kad \u0161alis taiko diskriminacin\u0119 prekybos praktik\u0105 Lietuvos at\u017evilgiu, nes prekybos ribojimai, \u012fvesti neva d\u0117l higienos prie\u017eas\u010di\u0173, Lietuvos eksport\u0105 tais metais suma\u017eino 80 proc.<\/p>\n<p style=\"text-align: left;\">Visgi pernai gruod\u012f ES nusprend\u0117 atsiimti skund\u0105 i\u0161 PPO.<\/p>\n<p style=\"text-align: left;\">Tvyrant \u012ftampai tarp Vilniaus ir Pekino, Kinijos u\u017esienio reikal\u0173 ministerija taip pat oficialiai pa\u017eemino diplomatini\u0173 santyki\u0173 su Lietuva lyg\u012f.<\/p>\n<p style=\"text-align: left;\">Tiesa, pastaruoju metu tarp politik\u0173 atsinaujino diskusijos apie Lietuvos u\u017esienio politikos sprendimus Kinijos at\u017evilgiu \u2013 apie poreik\u012f \u0161iltinti santykius su \u0161ia \u0161alimi kalba dalis socialdemokrat\u0173, o premjer\u0117 Inga Ruginien\u0117 u\u017esimin\u0117 apie galimyb\u0119 keisti Taivanie\u010di\u0173 atstovyb\u0117s pavadinim\u0105 ir j\u0105 pavadinti Taip\u0117jaus vardu.<\/p>\n<p style=\"text-align: left;\">Prezidentas Gitanas Naus\u0117da sak\u0117, kad mato galimyb\u0119 Lietuvai atstatyti diplomatinius santykius su Kinija laikin\u0173j\u0173 patik\u0117tini\u0173 lygiu, jei to nor\u0117t\u0173 ir Pekinas.<\/p>\n","protected":false},"excerpt":{"rendered":"1 nuotr. Ingrida \u0160imonyt\u0117 ir K\u0119stutis Budrys. Eltos nuotr. \u00a0 Anot jos, atrodo komi\u0161kai, jog dabar agresor\u0119 Rusij\u0105&hellip;\n","protected":false},"author":2,"featured_media":213676,"comment_status":"","ping_status":"","sticky":false,"template":"","format":"standard","meta":{"footnotes":"","_share_on_mastodon":"0"},"categories":[13],"tags":[25,30,31,1501,34,35,24,479,32,33,37,39,36,38,40,2051,23,22,28,29,119,3683,26,27,1502],"class_list":["post-213675","post","type-post","status-publish","format-standard","has-post-thumbnail","category-lietuva","tag-antrastes","tag-breaking-news","tag-breakingnews","tag-budrys","tag-featured-news","tag-featurednews","tag-headlines","tag-kinija","tag-latest-news","tag-latestnews","tag-lietuva","tag-lietuviu","tag-lithuania","tag-lithuanian","tag-lt","tag-ministras","tag-naujienos","tag-news","tag-populiariausios-naujienos","tag-populiariausiosnaujienos","tag-rusija","tag-simonyte","tag-top-stories","tag-topstories","tag-urm"],"share_on_mastodon":{"url":"https:\/\/pubeurope.com\/@lt\/116816826275371480","error":""},"_links":{"self":[{"href":"https:\/\/www.europesays.com\/lt\/wp-json\/wp\/v2\/posts\/213675","targetHints":{"allow":["GET"]}}],"collection":[{"href":"https:\/\/www.europesays.com\/lt\/wp-json\/wp\/v2\/posts"}],"about":[{"href":"https:\/\/www.europesays.com\/lt\/wp-json\/wp\/v2\/types\/post"}],"author":[{"embeddable":true,"href":"https:\/\/www.europesays.com\/lt\/wp-json\/wp\/v2\/users\/2"}],"replies":[{"embeddable":true,"href":"https:\/\/www.europesays.com\/lt\/wp-json\/wp\/v2\/comments?post=213675"}],"version-history":[{"count":0,"href":"https:\/\/www.europesays.com\/lt\/wp-json\/wp\/v2\/posts\/213675\/revisions"}],"wp:featuredmedia":[{"embeddable":true,"href":"https:\/\/www.europesays.com\/lt\/wp-json\/wp\/v2\/media\/213676"}],"wp:attachment":[{"href":"https:\/\/www.europesays.com\/lt\/wp-json\/wp\/v2\/media?parent=213675"}],"wp:term":[{"taxonomy":"category","embeddable":true,"href":"https:\/\/www.europesays.com\/lt\/wp-json\/wp\/v2\/categories?post=213675"},{"taxonomy":"post_tag","embeddable":true,"href":"https:\/\/www.europesays.com\/lt\/wp-json\/wp\/v2\/tags?post=213675"}],"curies":[{"name":"wp","href":"https:\/\/api.w.org\/{rel}","templated":true}]}}