{"id":213756,"date":"2026-06-26T15:57:08","date_gmt":"2026-06-26T15:57:08","guid":{"rendered":"https:\/\/www.europesays.com\/lt\/213756\/"},"modified":"2026-06-26T15:57:08","modified_gmt":"2026-06-26T15:57:08","slug":"nuo-siandien-ryanair-lektuvuose-pokyciai-keiciasi-taisykles","status":"publish","type":"post","link":"https:\/\/www.europesays.com\/lt\/213756\/","title":{"rendered":"Nuo \u0161iandien \u201eRyanair\u201c l\u0117ktuvuose &#8211; poky\u010diai: kei\u010diasi taisykl\u0117s"},"content":{"rendered":"<p class=\"wp-block-paragraph\">Nuo \u0161iandien skryd\u017eiuose su \u201e<a style=\"font-weight:bold;\" href=\"https:\/\/madeinvilnius.lt\/tema\/ryanair\/\" target=\"_blank\" rel=\"nofollow noopener\">Ryanair<\/a>\u201c \u2013 naujos taisykl\u0117s.<\/p>\n<p class=\"wp-block-paragraph\">Bir\u017eelio 25 d. pasikeit\u0117 s\u0117d\u0117jimo keleivi\u0173 tvarka \u201eRyanair\u201c l\u0117ktuvuose.<\/p>\n<p class=\"wp-block-paragraph\">\u201eRyanair\u201c patvirtina, kad netaiko jokio mokes\u010dio u\u017e tai, kad vaikai s\u0117d\u0117t\u0173 \u0161alia savo t\u0117v\u0173 ar lydin\u010dio suaugusiojo. Pagal atnaujint\u0105 politik\u0105 su vaikais keliaujantys suaugusieji, kurie nenori pasirinkti ar mok\u0117ti u\u017e rezervuot\u0105 viet\u0105, po registracijos \u012f skryd\u012f gaus nemokamai priskirtas vietas, kaip tai \u012fprasta daugelyje kit\u0173 Europos oro linij\u0173. \u0160eimos ir toliau gal\u0117s pasirinkti pageidaujamas vietas u\u017esakymo metu, \u012fskaitant premium\/priekines eiles, sumok\u0117jus standartin\u012f vietos rezervavimo mokest\u012f\u201c , \u2013 ra\u0161oma prane\u0161ime spaudai.<\/p>\n<p class=\"wp-block-paragraph\">\u201eRyanair\u201c teigia, kad \u0161is pakeitimas suderina jos \u0161eim\u0173 viet\u0173 politik\u0105 su rinkos standartu, bus neutralus pajam\u0173 at\u017evilgiu, o \u0161eimos ir toliau gal\u0117s naudotis ma\u017eiausiomis biliet\u0173 kainomis Europoje.<\/p>\n<p>Milijonams keleivi\u0173 Europoje \u2013 naujos teis\u0117s<\/p>\n<p class=\"wp-block-paragraph\">Kaip jau ra\u0161\u0117me, Europos Parlamento (EP) delegacija vakar\u0105 pritar\u0117 \u012fstatym\u0173 leid\u0117j\u0173 ir Europos S\u0105jungos (ES) Tarybos derybinink\u0173 preliminariam susitarimui, kuriuo oro transporto keleiviai, be kita ko, i\u0161laiko teis\u0119 susigr\u0105\u017einti pinigus, kai skryd\u017eiai v\u0117luoja daugiau nei tris valandas.<\/p>\n<p class=\"wp-block-paragraph\">Kaip prane\u0161\u0117 EP, keleiviai i\u0161laiko teis\u0119 atgauti pinigus daugiau nei tris valandas v\u0117luojan\u010di\u0173 ar paskutiniu momentu at\u0161aukt\u0173 skryd\u017ei\u0173 atvejais arba t\u0119sti kelion\u0119 kitu mar\u0161rutu bei gauti kompensacij\u0105.<\/p>\n<p class=\"wp-block-paragraph\">Kompensacijos dydis priklausys nuo skryd\u017eio atstumo: u\u017e skryd\u017eius iki 1500 km numatyta 250 eur\u0173 kompensacija, u\u017e skryd\u017eius nuo 1500 km iki 3500 km \u2013 400 eur\u0173, o u\u017e visus ilgesnius skryd\u017eius \u2013 600 eur\u0173 kompensacijos.<\/p>\n<p class=\"wp-block-paragraph\">Oro linijoms suteikiama galimyb\u0117 suma\u017einti ilgiausi\u0173 skryd\u017ei\u0173 kompensacij\u0105 50 proc., jei keleiviams nedelsiant par\u016bpinamas kitas skrydis arba v\u0117lavimas trunka ne ilgiau kaip keturias valandas.<\/p>\n<p class=\"wp-block-paragraph\">Kaip ra\u0161\u0117 BNS, 27 Bendrijos \u0161alys nor\u0117jo suma\u017einti kompensacijas, kurias oro ve\u017e\u0117jai dabar turi mok\u0117ti u\u017e at\u0161auktus skryd\u017eius ir ilgus v\u0117lavimus, bet tokiam \u017eingsniui prie\u0161inosi \u012fstatym\u0173 leid\u0117jai.<\/p>\n<p class=\"wp-block-paragraph\">Preliminarus susitarimas taip pat numato, kad oro ve\u017e\u0117jai prival\u0117s per keturias dienas nuo sutrikdyto skryd\u017eio pabaigos elektroniniu b\u016bdu informuoti keleivius, kaip pateikti kompensacijos pra\u0161ym\u0105.<\/p>\n<p class=\"wp-block-paragraph\">Tuo metu keleiviai tur\u0117s devynis m\u0117nesius pra\u0161ymui u\u017epildyti, o oro linijos \u2013 30 dien\u0173 kompensacijai i\u0161mok\u0117ti arba pritaikyti nenumatyt\u0173 aplinkybi\u0173 s\u0105ra\u0161\u0105, paai\u0161kinti, kod\u0117l kompensacija nepriklauso, ir nukreipti \u012f tolesnius skund\u0173 nagrin\u0117jimo etapus.<\/p>\n<p>Keleiviai tur\u0117s teis\u0119 \u012f kompensacij\u0105<\/p>\n<p class=\"wp-block-paragraph\">Tarp suder\u0117t\u0173 aplinkybi\u0173, kurios panaikint\u0173 oro linij\u0173 pareig\u0105 mok\u0117ti kompensacij\u0105, numatytos gamtin\u0117s nelaim\u0117s, karas, oro s\u0105lygos, neklusnus keleivis ar oro uost\u0173 bei navigacijos darbuotoj\u0173 streikai.<\/p>\n<p class=\"wp-block-paragraph\">Tuo metu riboto judumo keleiviai tur\u0117s teis\u0119 \u012f kompensacij\u0105, pagalb\u0105 ir kelion\u0119 kitu mar\u0161rutu, jei skryd\u012f praleido d\u0117l oro uosto nesuteiktos i\u0161 anksto pra\u0161ytos pagalbos pasiekti i\u0161vykimo vartus.<\/p>\n<p class=\"wp-block-paragraph\">Pagal preliminar\u0173 susitarim\u0105, \u0161eimos su vaikais, taip pat vaikus iki 14-os lydintys asmenys gal\u0117t\u0173 s\u0117d\u0117ti kartu be papildomo mokes\u010dio. Ta pati teis\u0117 b\u016bt\u0173 taikoma ne\u012fgaliesiems bei riboto judumo keleiviams, n\u0117\u0161\u010diosioms.<\/p>\n<p class=\"wp-block-paragraph\">Be to, oro keleiviams nebebus taikomi papildomi mokes\u010diai u\u017e vardo ra\u0161ybos klaid\u0173 taisym\u0105 ar \u012flaipinimo kortel\u0117s atspausdinim\u0105, kai jie jau u\u017esiregistrav\u0119 skryd\u017eiui, u\u017etikrinamos teis\u0117s gauti skaitmenines korteles be papildomo pra\u0161ymo, paskyros ar specialios program\u0117l\u0117s.<\/p>\n<p class=\"wp-block-paragraph\">Pasak EP pirminink\u0117s Robertos Metsolos, \u0161is susitarimas sustiprins oro keleivi\u0173 teises visoje Europoje.<\/p>\n<p class=\"wp-block-paragraph\">\u201eJis u\u017etikrins didesn\u012f skaidrum\u0105 ir nusp\u0117jamum\u0105 tiek vartotojams, tiek oro linijoms, nesukuriant nereikalingos biurokratijos m\u016bs\u0173 pramonei. Parlamentas atkakliai siek\u0117, kad kelion\u0117s b\u016bt\u0173 s\u0105\u017einingesn\u0117s, o taisykl\u0117s \u2013 ai\u0161kesn\u0117s, ir b\u016btent tai mes pasiek\u0117me\u201c, \u2013 sak\u0117 R. Metsola.<\/p>\n<p class=\"wp-block-paragraph\">Kaip ra\u0161\u0117 BNS, deryboms EP vardu vadovavo Virginijus Sinkevi\u010dius. Jis pa\u017eym\u0117jo, kad Europa oro keleivi\u0173 teises atnaujina po daugiau nei de\u0161imtme\u010dio.<\/p>\n<p class=\"wp-block-paragraph\">\u201e\u0160iandien apsaugojome oro keleivi\u0173 jau turimas teises, papild\u0117me jas naujomis apsaugos priemon\u0117mis ir suteik\u0117me daugiau ai\u0161kumo sutrikus skryd\u017eiams. Parlamentas nuo pat pirmos dienos ai\u0161kiai pasak\u0117: siekiame modernizuoti taisykles, bet neleisime, kad u\u017e poky\u010dius mok\u0117t\u0173 oro keleiviai\u201c, \u2013 teig\u0117 V. Sinkevi\u010dius.<\/p>\n<p class=\"wp-block-paragraph\">Preliminar\u0173 susitarim\u0105 per ateinan\u010dias \u0161e\u0161ias savaites dar turi patvirtinti visas EP ir ES Taryba, \u0161\u012f termin\u0105 galima prat\u0119sti dar dviem savait\u0117mis.<\/p>\n<p class=\"wp-block-paragraph\">Abi institucijos atskirai tur\u0117s balsuoti d\u0117l bendro teksto, EP tai planuoja padaryti liep\u0105 vyksian\u010dioje plenarin\u0117je sesijoje.<\/p>\n<p class=\"wp-block-paragraph\">Nepatvirtinus susitarimo, likt\u0173 galioti dabartin\u0117s taisykl\u0117s, galiojan\u010dios nuo 2004 met\u0173.<\/p>\n","protected":false},"excerpt":{"rendered":"Nuo \u0161iandien skryd\u017eiuose su \u201eRyanair\u201c \u2013 naujos taisykl\u0117s. Bir\u017eelio 25 d. pasikeit\u0117 s\u0117d\u0117jimo keleivi\u0173 tvarka \u201eRyanair\u201c l\u0117ktuvuose. \u201eRyanair\u201c&hellip;\n","protected":false},"author":2,"featured_media":213757,"comment_status":"","ping_status":"","sticky":false,"template":"","format":"standard","meta":{"footnotes":"","_share_on_mastodon":"0"},"categories":[17],"tags":[81,37,39,36,38,40,65,1329,46],"class_list":["post-213756","post","type-post","status-publish","format-standard","has-post-thumbnail","category-verslas","tag-business","tag-lietuva","tag-lietuviu","tag-lithuania","tag-lithuanian","tag-lt","tag-naujiena","tag-ryanair","tag-verslas"],"share_on_mastodon":{"url":"https:\/\/pubeurope.com\/@lt\/116817234896771130","error":""},"_links":{"self":[{"href":"https:\/\/www.europesays.com\/lt\/wp-json\/wp\/v2\/posts\/213756","targetHints":{"allow":["GET"]}}],"collection":[{"href":"https:\/\/www.europesays.com\/lt\/wp-json\/wp\/v2\/posts"}],"about":[{"href":"https:\/\/www.europesays.com\/lt\/wp-json\/wp\/v2\/types\/post"}],"author":[{"embeddable":true,"href":"https:\/\/www.europesays.com\/lt\/wp-json\/wp\/v2\/users\/2"}],"replies":[{"embeddable":true,"href":"https:\/\/www.europesays.com\/lt\/wp-json\/wp\/v2\/comments?post=213756"}],"version-history":[{"count":0,"href":"https:\/\/www.europesays.com\/lt\/wp-json\/wp\/v2\/posts\/213756\/revisions"}],"wp:featuredmedia":[{"embeddable":true,"href":"https:\/\/www.europesays.com\/lt\/wp-json\/wp\/v2\/media\/213757"}],"wp:attachment":[{"href":"https:\/\/www.europesays.com\/lt\/wp-json\/wp\/v2\/media?parent=213756"}],"wp:term":[{"taxonomy":"category","embeddable":true,"href":"https:\/\/www.europesays.com\/lt\/wp-json\/wp\/v2\/categories?post=213756"},{"taxonomy":"post_tag","embeddable":true,"href":"https:\/\/www.europesays.com\/lt\/wp-json\/wp\/v2\/tags?post=213756"}],"curies":[{"name":"wp","href":"https:\/\/api.w.org\/{rel}","templated":true}]}}