{"id":214246,"date":"2026-06-27T08:24:12","date_gmt":"2026-06-27T08:24:12","guid":{"rendered":"https:\/\/www.europesays.com\/lt\/214246\/"},"modified":"2026-06-27T08:24:12","modified_gmt":"2026-06-27T08:24:12","slug":"konservatorius-zygimantas-pavilionis-vel-praleido-proga-patyleti-respublika-lt","status":"publish","type":"post","link":"https:\/\/www.europesays.com\/lt\/214246\/","title":{"rendered":"Konservatorius \u017dygimantas Pavilionis v\u0117l praleido prog\u0105 patyl\u0117ti &#8211; Respublika.lt"},"content":{"rendered":"<p><img loading=\"lazy\" decoding=\"async\" src=\"https:\/\/www.respublika.lt\/lt\/naujienos\/lietuva\/lietuvos_politika\/konservatorius-zygimantas-pavilionis-vel-praleido-proga-patyleti\/images\/ico_camera_white.gif\" class=\"camera\" width=\"22\" height=\"15\" alt=\"nuotr.\" style=\"position:relative; top:-2px; right:2px;\"\/> 1 nuotr.<\/p>\n<p>\u017dygimantas Pavilionis. Eltos nuotr.<\/p>\n<p style=\"text-align: justify;\" class=\"desktop_banner\">\u00a0<\/p>\n<p>\u201eNor\u0117\u010diau paklausti gerbiamo kra\u0161to apsaugos ministro Roberto Kauno, nes n\u0117ra kit\u0173 ministr\u0173, dirban\u010di\u0173 su u\u017esienio reikalais. A\u0161 manau, j\u016bs ir a\u0161 kartu pana\u0161iai vertiname m\u016bs\u0173 s\u0105jungininkus Amerikoje ar Vokietijoje, bet, deja, buvusi j\u016bs\u0173 koalicijos partner\u0117 antisistemin\u0117, antisemitin\u0117 ir visokia kitokia \u201eNemuno Au\u0161ra&#8221; vis\u0105laik mus prie\u0161ino su m\u016bs\u0173 pagrindiniais s\u0105jungininkais. Jie vaidino taikos baland\u017eius ir i\u0161 esm\u0117s vis\u0105 j\u016bs\u0173 energij\u0105 buvo nukreip\u0119 \u012f toki\u0105 am\u017ein\u0105 taik\u0105, diplomatinius santykius su komunistine Kinija, A.Luka\u0161enkos re\u017eimu.<\/p>\n<p>Kaip j\u016bs galvojate, tam, kad ir j\u016bs pats apsilankytum\u0117te Pentagone, tam, kad b\u016bsimas premjeras &#8211; tre\u010dias i\u0161 eil\u0117s &#8211; apsilankyt\u0173 Baltuosiuose r\u016bmuose, ar neat\u0117jo laikas vis d\u0117lto sujungti opozicijos ir pozicijos j\u0117gas, kad tuos transatlantinius santykius padarytume realybe, kad tos Balt\u0173j\u0173 r\u016bm\u0173 durys mums atsidaryt\u0173 ir kad mes su\u017einotume, tur\u0117sime karius ar ne?&#8221;, &#8211; leptel\u0117jo konservatorius.<\/p>\n<p>R.Kaunas j\u012f pastat\u0117 \u012f viet\u0105.<\/p>\n<p>\u201e\u012e Pentagon\u0105 mano kelion\u0117 yra planuojama, tikiuosi, jinai ir \u012fvyks, su karo sekretoriumi P. Hegsetu kalb\u0117jausi neformaliai jau ne vien\u0105 kart\u0105 \u012fvairiuose susitikimuose, tad kontaktas, ry\u0161ys yra.<\/p>\n<p>D\u0117l JAV kari\u0173 esu visi\u0161kai ramus. Tik \u0161iuo atveju reik\u0117t\u0173 v\u0117lgi, atsakant \u012f klausim\u0105, ar vert\u0117t\u0173 sutelkti j\u0117gas, ar nevert\u0117t\u0173, manau, kad visas parlamentas tur\u0117t\u0173 b\u016bti susitelk\u0119s \u012f m\u016bs\u0173 \u0161alies saugum\u0105, taigi, ir s\u0105junginink\u0173 buvim\u0105 Lietuvoje taip pat. \u010cia reik\u0117t\u0173 mums t\u0105 bendradarbiavim\u0105 tok\u012f labai objektyv\u0173 tur\u0117ti. Pentagonas \u0161iandien pra\u0161o tam tikros tokios, pavadinkime, radijo tylos, nes yra techniniai sprendimai, kurie yra \u012fgyvendinami, jie bus \u012fgyvendinti, tad pra\u0161oma neeskaluoti kai kuri\u0173 klausim\u0173 ir galb\u016bt j\u0173 net nekomentuoti, ko mes, ministerija, stengiam\u0117s laikytis. Tuo metu j\u016bs\u0173 partijos pirmininkas, buv\u0119s gynybos ministras leid\u017eia sau komentuoti \u0161iek tiek daugiau, kas irgi yra matoma Pentagone.<\/p>\n<p>\u010cia reik\u0117t\u0173 mums rasti t\u0105 tok\u012f balans\u0105, sakykime, tarp noro pasid\u017eiaugti ir atsakomyb\u0117s klausimo. Sutinku, kad to balanso ie\u0161koti reikia, ir tikiu, kad mes j\u012f rasime, ta\u010diau ir atsakomyb\u0117s tuos klausimus lygiai taip pat tur\u0117tume dalintis vienodai ir suprasti, ko pra\u0161o m\u016bs\u0173 partneriai, ir stengtis tuos pra\u0161ymus ten, kur \u012fmanoma, atliepti.<\/p>\n<p>O \u0161iaip apskritai tikrai tiek su Vokietija (su B.Pistoriusu, buvau susitik\u0119s pirmadien\u012f pratyb\u0173 metu), tiek su JAV santykiai yra tikrai geri. Svarbiausia, kad Lietuva atliept\u0173 keliamas u\u017eduotis, mes patys darytume savo nam\u0173 darbus: tiek finansavimo tiek infrastrukt\u016bros, tiek ginkluot\u0119 \u012fsigydami ir visa kita, tiek dalyvaudami Hormuzo i\u0161minavimo misijoje. Manau, kad bendrai dirbant, bendrai girdint m\u016bs\u0173 partneri\u0173 pra\u0161ymus pasieksime Lietuvai, Lietuvos saugumui reikalingus rezultatus&#8221;, &#8211; atkirto ministras.<\/p>\n","protected":false},"excerpt":{"rendered":"1 nuotr. \u017dygimantas Pavilionis. Eltos nuotr. \u00a0 \u201eNor\u0117\u010diau paklausti gerbiamo kra\u0161to apsaugos ministro Roberto Kauno, nes n\u0117ra kit\u0173&hellip;\n","protected":false},"author":2,"featured_media":214247,"comment_status":"","ping_status":"","sticky":false,"template":"","format":"standard","meta":{"footnotes":"","_share_on_mastodon":"0"},"categories":[13],"tags":[25,30,31,34,35,24,223,6662,1061,479,8117,32,33,37,39,36,38,40,1499,2051,23,22,11527,242,28,29,26,27],"class_list":["post-214246","post","type-post","status-publish","format-standard","has-post-thumbnail","category-lietuva","tag-antrastes","tag-breaking-news","tag-breakingnews","tag-featured-news","tag-featurednews","tag-headlines","tag-jav","tag-kariai","tag-kaunas","tag-kinija","tag-konservatorius","tag-latest-news","tag-latestnews","tag-lietuva","tag-lietuviu","tag-lithuania","tag-lithuanian","tag-lt","tag-lukasenka","tag-ministras","tag-naujienos","tag-news","tag-pavilionis","tag-pentagonas","tag-populiariausios-naujienos","tag-populiariausiosnaujienos","tag-top-stories","tag-topstories"],"share_on_mastodon":{"url":"https:\/\/pubeurope.com\/@lt\/116821115908940796","error":""},"_links":{"self":[{"href":"https:\/\/www.europesays.com\/lt\/wp-json\/wp\/v2\/posts\/214246","targetHints":{"allow":["GET"]}}],"collection":[{"href":"https:\/\/www.europesays.com\/lt\/wp-json\/wp\/v2\/posts"}],"about":[{"href":"https:\/\/www.europesays.com\/lt\/wp-json\/wp\/v2\/types\/post"}],"author":[{"embeddable":true,"href":"https:\/\/www.europesays.com\/lt\/wp-json\/wp\/v2\/users\/2"}],"replies":[{"embeddable":true,"href":"https:\/\/www.europesays.com\/lt\/wp-json\/wp\/v2\/comments?post=214246"}],"version-history":[{"count":0,"href":"https:\/\/www.europesays.com\/lt\/wp-json\/wp\/v2\/posts\/214246\/revisions"}],"wp:featuredmedia":[{"embeddable":true,"href":"https:\/\/www.europesays.com\/lt\/wp-json\/wp\/v2\/media\/214247"}],"wp:attachment":[{"href":"https:\/\/www.europesays.com\/lt\/wp-json\/wp\/v2\/media?parent=214246"}],"wp:term":[{"taxonomy":"category","embeddable":true,"href":"https:\/\/www.europesays.com\/lt\/wp-json\/wp\/v2\/categories?post=214246"},{"taxonomy":"post_tag","embeddable":true,"href":"https:\/\/www.europesays.com\/lt\/wp-json\/wp\/v2\/tags?post=214246"}],"curies":[{"name":"wp","href":"https:\/\/api.w.org\/{rel}","templated":true}]}}