{"id":214264,"date":"2026-06-27T08:40:11","date_gmt":"2026-06-27T08:40:11","guid":{"rendered":"https:\/\/www.europesays.com\/lt\/214264\/"},"modified":"2026-06-27T08:40:11","modified_gmt":"2026-06-27T08:40:11","slug":"vitalijus-digrevicius-olifeja-zudiko-memuarai-respublika-lt","status":"publish","type":"post","link":"https:\/\/www.europesays.com\/lt\/214264\/","title":{"rendered":"Vitalijus DIGREVI\u010cIUS: Olif\u0117ja (\u017eudiko memuarai) &#8211; Respublika.lt"},"content":{"rendered":"<p><img loading=\"lazy\" decoding=\"async\" src=\"https:\/\/www.respublika.lt\/lt\/naujienos\/nuomones_ir_komentarai\/isklausyk-respublika\/vitalijus-digrevicius-olifeja-zudiko-memuarai\/images\/ico_camera_white.gif\" class=\"camera\" width=\"22\" height=\"15\" alt=\"nuotr.\" style=\"position:relative; top:-2px; right:2px;\"\/> 1 nuotr.<\/p>\n<p>Asociatyvi Dirbtinio intelekto sugeneruota nuotr.<\/p>\n<p style=\"text-align: justify;\" class=\"desktop_banner\">\u00a0<\/p>\n<p>Apie tuos laikus, kada jaunas ir greitas savo darbus atlikdavo tobulai ir su dideliu d\u017eiugesiu \u0161irdyje, kai naudodavo begal\u0119 naujausi\u0173 dar tik tolimoje Europoje \u017einom\u0173 b\u016bd\u0173, su kuriais dar nebuvo susipa\u017ein\u0119 nei m\u016bs\u0173 prokurorai, nei verslo kolegos. Ir pinig\u0117liai byr\u0117jo nestabdomu srautu.<\/p>\n<p>\u017dudikas nuo\u0161ird\u017eiai gail\u0117josi, kad tuo laiku juos leido netaupydamas \u012f abi puses, negalvodamas apie ateinan\u010di\u0105 senatv\u0119. Juo labiau, kad tuo laiku nebuvo net svajoni\u0173 apie II pakopos pensij\u0173 fondus.<\/p>\n<p>Profesionalas tais laikais nestigo profesini\u0173 u\u017esakym\u0173, tai jis buvo u\u017eved\u0119s savo nudirbt\u0173 darb\u0173 dienora\u0161t\u012f, kuriame buvo ne tik visi duomenys apie u\u017esakymus, bet ir vykdymo b\u016bdus, priemones, atsitraukimo kelius ir \u012fvykusius atgailos procesus.<\/p>\n<p>Dabar dienora\u0161tis d\u016bl\u0117jo u\u017e seno \u017eidinio plyteli\u0173. Gal kada&#8230;<\/p>\n<p>\u012edomiausia buvo tai, kad jis n\u0117 karto nebuvo patek\u0119s \u012f cyp\u0119: kai kada nebuvo \u012frodyta, kai kada i\u0161sukdavo advokatai ar parsidav\u0119 tyr\u0117jai, kai kada \u012fduodavo bendrininkus ir tapdavo liudininku.<\/p>\n<p>Jis band\u0117 suskai\u010diuoti, kiek koleg\u0173 ir darbdavi\u0173 i\u0161 Panev\u0117\u017eio, \u0160iauli\u0173, Kauno ir kit\u0173 miest\u0173 dar dabar valgo pagerint\u0105 maist\u0105 u\u017e grotuot\u0173 langeli\u0173.<\/p>\n<p>Ot buvo laikai&#8230;<\/p>\n<p>Reikalai \u0117m\u0117 prast\u0117ti, kai biznis tapo tarptautiniu &#8211; atsirado profesiniai imigrantai i\u0161 Latvijos, Baltarusijos ir dar velniai \u017eino i\u0161 kur.<\/p>\n<p>At\u0117jo sunki senatv\u0117. U\u017esakym\u0173 nebuvo, nes politikai ir verslininkai \u0117m\u0117 kitaip spr\u0119sti tarpusavio santykius, konfliktai tarp apsvaigusi\u0173 sutuoktini\u0173 da\u017eniausiai sprend\u0117si vietose, o paprasti \u017emogeliai papras\u010diausiai netur\u0117jo tam pinigo.<\/p>\n<p>Be to, prokurat\u016bra tiek patobul\u0117jo, kad prad\u0117jo naudoti naujausius nusikaltim\u0173 atskleidimo metodus ir apgauti juos senomis praktikomis nebebuvo joki\u0173 \u0161ans\u0173.<\/p>\n<p>Nors,.. jie pastaruoju metu masi\u0161kai nagrin\u0117jo politik\u0173 korupcijos ir \u201e\u010dekiuk\u0173&#8221; bylas.<\/p>\n<p>Ai\u0161ku, \u017eudik\u0173 elitas ir toliau vart\u0117si tarptautiniuose piniguose, nes jiems buvo sudaromos \u0161iltnamio s\u0105lygos, ir daug darbo atlikdavo suburtos utilizacijos komandos.<\/p>\n<p>Ir \u0161tai tokiais juodais verslui laikais netik\u0117tai at\u0117jo u\u017esakymas. Reik\u0117jo atlaisvinti nuo gyvenimo senut\u012f ligot\u0105 pensinink\u0105, buvus\u012f pauk\u0161tyno savinink\u0105, kuris niekaip nenor\u0117jo dalintis sukauptais juodais kapitalais su broliu, buvusiu to pauk\u0161tyno buhalteriu.<\/p>\n<p>Honoraras buvo pensijos lygio, bet atsisakyti jo nebuvo prasm\u0117s, juolab, kad pus\u0117 sumos gavosi \u201eprie\u0161&#8221; ir \u201e\u012f rankas&#8221;. Tik viskas tur\u0117jo atrodyti nat\u016braliai. Laikas &#8211; dvi savait\u0117s.<\/p>\n<p>Mintys sukosi kar\u0161tligi\u0161kai: avarija, ta\u010diau pensininkas jau nebevairavo. Nukritimas nuo uolos irgi netiko, nes apie jok\u012f kopim\u0105 \u012f kalnus nebegalvojo net pats \u017eudikas. Pistoletas buvo seniai sur\u016bdij\u0119s, o kur gauti nauj\u0105 nebuvo supratimo. Virv\u0117s ir peilio negal\u0117jo pak\u0119sti nuo jaunyst\u0117s. Liko nuodai. Dirbtinis infarktas.<\/p>\n<p>\u0116jo antra pasiruo\u0161imo savait\u0117, jau buvo rasti \u012fsiskverbimo ir atsitraukimo keliai, paruo\u0161ta ampul\u0117, kai nelauktai senolis atgul\u0117 \u012f reanimacij\u0105 ir tuojau pat \u012f urn\u0105.<\/p>\n<p>Kadangi pacient\u0105 supo mirtin\u0173 lig\u0173 puok\u0161t\u0117, su gydytojais pavyko susitarti d\u0117l konfidencialumo prezumpcijos, vaikai, gvie\u0161damiesi likusio kapitalo, sutar\u0117 apie senolio mirt\u012f neskleisti jokios informacijos.<\/p>\n<p>Po savait\u0117s profesionalas gavo \u017eini\u0105, kad u\u017eduotis \u012fvykdyta puikiai ir paskirtas susitikimas antrai honoraro daliai gauti.<\/p>\n<p>Visai kaip Olif\u0117ja.<\/p>\n","protected":false},"excerpt":{"rendered":"1 nuotr. Asociatyvi Dirbtinio intelekto sugeneruota nuotr. \u00a0 Apie tuos laikus, kada jaunas ir greitas savo darbus atlikdavo&hellip;\n","protected":false},"author":2,"featured_media":214265,"comment_status":"","ping_status":"","sticky":false,"template":"","format":"standard","meta":{"footnotes":"","_share_on_mastodon":"0"},"categories":[13],"tags":[25,30,31,374,34,35,4085,24,32,33,37,39,36,38,40,32556,23,22,10225,28,29,26,27,32555],"class_list":["post-214264","post","type-post","status-publish","format-standard","has-post-thumbnail","category-lietuva","tag-antrastes","tag-breaking-news","tag-breakingnews","tag-digrevicius","tag-featured-news","tag-featurednews","tag-feljetonas","tag-headlines","tag-latest-news","tag-latestnews","tag-lietuva","tag-lietuviu","tag-lithuania","tag-lithuanian","tag-lt","tag-memuarai","tag-naujienos","tag-news","tag-olifeja","tag-populiariausios-naujienos","tag-populiariausiosnaujienos","tag-top-stories","tag-topstories","tag-zudiko"],"share_on_mastodon":{"url":"https:\/\/pubeurope.com\/@lt\/116821178938212990","error":""},"_links":{"self":[{"href":"https:\/\/www.europesays.com\/lt\/wp-json\/wp\/v2\/posts\/214264","targetHints":{"allow":["GET"]}}],"collection":[{"href":"https:\/\/www.europesays.com\/lt\/wp-json\/wp\/v2\/posts"}],"about":[{"href":"https:\/\/www.europesays.com\/lt\/wp-json\/wp\/v2\/types\/post"}],"author":[{"embeddable":true,"href":"https:\/\/www.europesays.com\/lt\/wp-json\/wp\/v2\/users\/2"}],"replies":[{"embeddable":true,"href":"https:\/\/www.europesays.com\/lt\/wp-json\/wp\/v2\/comments?post=214264"}],"version-history":[{"count":0,"href":"https:\/\/www.europesays.com\/lt\/wp-json\/wp\/v2\/posts\/214264\/revisions"}],"wp:featuredmedia":[{"embeddable":true,"href":"https:\/\/www.europesays.com\/lt\/wp-json\/wp\/v2\/media\/214265"}],"wp:attachment":[{"href":"https:\/\/www.europesays.com\/lt\/wp-json\/wp\/v2\/media?parent=214264"}],"wp:term":[{"taxonomy":"category","embeddable":true,"href":"https:\/\/www.europesays.com\/lt\/wp-json\/wp\/v2\/categories?post=214264"},{"taxonomy":"post_tag","embeddable":true,"href":"https:\/\/www.europesays.com\/lt\/wp-json\/wp\/v2\/tags?post=214264"}],"curies":[{"name":"wp","href":"https:\/\/api.w.org\/{rel}","templated":true}]}}