{"id":214519,"date":"2026-06-27T14:54:35","date_gmt":"2026-06-27T14:54:35","guid":{"rendered":"https:\/\/www.europesays.com\/lt\/214519\/"},"modified":"2026-06-27T14:54:35","modified_gmt":"2026-06-27T14:54:35","slug":"europos-sajunga-nusprende-deretis-su-talibais-respublika-lt","status":"publish","type":"post","link":"https:\/\/www.europesays.com\/lt\/214519\/","title":{"rendered":"Europos S\u0105junga nusprend\u0117 der\u0117tis su talibais &#8211; Respublika.lt"},"content":{"rendered":"<p><img loading=\"lazy\" decoding=\"async\" src=\"https:\/\/www.respublika.lt\/lt\/naujienos\/pasaulis\/pasaulio_politika\/europos-sajunga-nusprende-deretis-su-talibais\/images\/ico_camera_white.gif\" class=\"camera\" width=\"22\" height=\"15\" alt=\"nuotr.\" style=\"position:relative; top:-2px; right:2px;\"\/> 1 nuotr.<\/p>\n<p>Nepaisant Europos nenoro pripa\u017einti Talibano re\u017eim\u0105, b\u016btent su juo tenka der\u0117tis d\u0117l Afganistano pilie\u010di\u0173 deportacijos. EPA-Eltos nuotr.<\/p>\n<p style=\"text-align: justify;\" class=\"desktop_banner\">\u00a0<\/p>\n<p>Aktual\u016bs klausimai<\/p>\n<p>Per derybas daugiausia d\u0117mesio skirta Afganistano pilie\u010di\u0173 deportacijos i\u0161 ES klausimams. Susitikimas, kur\u012f EK apib\u016bdino kaip darbo lygmens, buvo skirtas palengvinti Afganistano pilie\u010di\u0173, padariusi\u0173 sunkius nusikaltimus arba kelian\u010di\u0173 gr\u0117sm\u0119 saugumui, gr\u0105\u017einim\u0105.<\/p>\n<p>Afganistano u\u017esienio reikal\u0173 ministerija vizit\u0105 pavadino istorine kelione ir teig\u0117, kad \u0161alys sureng\u0117 produktyvias derybas.<\/p>\n<p>Svarbiausias d\u0117mesys, anot ministerijos, buvo skirtas atnaujinti konsulines paslaugas Europoje gyvenantiems afganistanie\u010diams.<\/p>\n<p>ES vykdomoji vald\u017eia gegu\u017e\u0119 pakviet\u0117 Afganistano atstovus \u012f Briusel\u012f, kai 20 ES ir \u0160engeno \u0161ali\u0173 papra\u0161\u0117 paramos koordinuojant deportacijas \u012f Afganistan\u0105.<\/p>\n<p>Pasak EK, diskusijose taip pat dalyvavo 15 valstybi\u0173 atstovai. Vizitas \u012fvyko po pirmojo Talibano atstov\u0173 ir ES pareig\u016bn\u0173 susitikimo Kabule saus\u012f.<\/p>\n<p>Deportacijos \u012f Afganistan\u0105, po Talibano sugr\u012f\u017eimo \u012f vald\u017ei\u0105 2021 m., teb\u0117ra vertinamos itin prie\u0161taringai.<\/p>\n<p>Grupuot\u0117 buvo izoliuota tarptautiniu mastu d\u0117l \u017emogaus teisi\u0173 pa\u017eeidim\u0173, \u012fskaitant apribojimus moterims ir mergait\u0117ms, savavali\u0161kus su\u0117mimus, \u012ftariamus vykdant kankinimus ir spaudos laisv\u0117s suvar\u017eymus.<\/p>\n<p>Gegu\u017e\u0119 JT vyriausiasis \u017emogaus teisi\u0173 komisaras Volkeris Tiurkas (Volker T\u00fcrk) i\u0161rei\u0161k\u0117 susir\u016bpinim\u0105 d\u0117l keli\u0173 Europos \u0161ali\u0173 plan\u0173 padidinti deportacij\u0173 \u012f Afganistan\u0105 skai\u010di\u0173.<\/p>\n<p>Jis \u012fsp\u0117jo, kad tai gali susilpninti \u017emogaus teisi\u0173 apsaug\u0105 ir kelti pavoj\u0173 \u017emon\u0117ms.<\/p>\n<p>Derybos nerei\u0161kia pripa\u017einimo<\/p>\n<p>EK pabr\u0117\u017eia, kad derybos nerei\u0161kia politinio Talibano pripa\u017einimo, nes ji nelaiko talib\u0173 teis\u0117ta Afganistano vyriausybe.<\/p>\n<p>Pasak EK, diskusijose dalyvavo \u017eemesnio lygio pareig\u016bnai, o ne politiniai lyderiai.<\/p>\n<p>Talibano atstov\u0173 ir ES pareig\u016bn\u0173 susitikimas Europoje yra labai jautrus klausimas.<\/p>\n<p>Kritikai persp\u0117ja, kad Talibano vadovyb\u0117 \u0161alyje j\u012f gali pavaizduoti kaip diplomatin\u012f prover\u017e\u012f.<\/p>\n<p>Belgijos u\u017esienio reikal\u0173 ministras Maksimas Prevo (Maxime Prevot) prie\u0161taravo Talibano atstov\u0173 pakvietimui \u012f Briusel\u012f. Nepaisant to, Belgija, kaip ES institucijas priimanti \u0161alis, i\u0161dav\u0117 penkias vienos dienos vizas.<\/p>\n<p>JT specialusis prane\u0161\u0117jas \u017emogaus teisi\u0173 Afganistane klausimais Ri\u010dardas Benetas (Richard Bennett) parei\u0161k\u0117, kad susitikimas su Talibanu Briuselyje \u012f\u017eeist\u0173 afganistanie\u010dius, ir ypa\u010d &#8211; moteris.<\/p>\n<p>Siekia sugr\u0105\u017einti daugiau afganistanie\u010di\u0173<\/p>\n<p>Europos \u0161alys, kurios pateik\u0117 peticijas d\u0117l deryb\u0173, \u012fskaitant Vokietij\u0105, \u0160vedij\u0105 ir Italij\u0105, pra\u0117jusiais metais teig\u0117, kad tik apie 2 proc. ES gyvenan\u010di\u0173 afganistanie\u010di\u0173, kuriems 2024 m. buvo i\u0161duoti gr\u0105\u017einimo orderiai, buvo i\u0161si\u0173sti atgal.<\/p>\n<p>Vokietija ple\u010dia savo dvi\u0161alius techninio lygio kontaktus su Talibanu. \u0160i\u0105 savait\u0119 Berlynas patvirtino, kad \u012f \u0161al\u012f bus leista atvykti iki keturi\u0173 papildom\u0173 Talibano diplomat\u0173, pad\u0117sian\u010di\u0173 patikrinti tapatybes ir i\u0161duoti kelion\u0117s dokumentus.<\/p>\n<p>Vokietijos vidaus reikal\u0173 ministras Aleksanderis Dobrindtas (Alexander Dobrindt) savaitgal\u012f pakartojo, kad Vokietija ketina didinti deportacij\u0173 \u012f Afganistan\u0105 skai\u010di\u0173.<\/p>\n<p>Vidaus reikal\u0173 ministerijos atstov\u0117 spaudai teig\u0117, jog ateityje gali b\u016bti \u012fmanoma surengti iki trij\u0173 u\u017esakom\u0173j\u0173 skryd\u017ei\u0173 per m\u0117nes\u012f.<\/p>\n<p>Austrija taip pat ved\u0117 technines derybas su Talibanu. Austrijos vidaus reikal\u0173 ministerijos delegacija \u012f Afganistan\u0105 keliavo 2025 m. prad\u017eioje, o Talibano atstovai pra\u0117jus\u012f rugs\u0117j\u012f lank\u0117si Vienoje.<\/p>\n<p>Norvegija pakviet\u0117 Talibano atstovus deryboms dar 2022 metais.<\/p>\n","protected":false},"excerpt":{"rendered":"1 nuotr. Nepaisant Europos nenoro pripa\u017einti Talibano re\u017eim\u0105, b\u016btent su juo tenka der\u0117tis d\u0117l Afganistano pilie\u010di\u0173 deportacijos. EPA-Eltos&hellip;\n","protected":false},"author":2,"featured_media":214520,"comment_status":"","ping_status":"","sticky":false,"template":"","format":"standard","meta":{"footnotes":"","_share_on_mastodon":"0"},"categories":[15],"tags":[222,25,3841,30,31,4079,6949,5413,672,34,35,24,965,32,33,37,39,36,38,40,23,22,44,5508,28,29,1033,32585,26,27,320,74,75,76],"class_list":["post-214519","post","type-post","status-publish","format-standard","has-post-thumbnail","category-pasaulis","tag-afganistanas","tag-antrastes","tag-austrija","tag-breaking-news","tag-breakingnews","tag-deportacija","tag-derybos","tag-ek","tag-es","tag-featured-news","tag-featurednews","tag-headlines","tag-italija","tag-latest-news","tag-latestnews","tag-lietuva","tag-lietuviu","tag-lithuania","tag-lithuanian","tag-lt","tag-naujienos","tag-news","tag-pasaulis","tag-peticija","tag-populiariausios-naujienos","tag-populiariausiosnaujienos","tag-svedija","tag-talibai","tag-top-stories","tag-topstories","tag-vokietija","tag-world","tag-world-news","tag-worldnews"],"share_on_mastodon":{"url":"https:\/\/pubeurope.com\/@lt\/116822649724772303","error":""},"_links":{"self":[{"href":"https:\/\/www.europesays.com\/lt\/wp-json\/wp\/v2\/posts\/214519","targetHints":{"allow":["GET"]}}],"collection":[{"href":"https:\/\/www.europesays.com\/lt\/wp-json\/wp\/v2\/posts"}],"about":[{"href":"https:\/\/www.europesays.com\/lt\/wp-json\/wp\/v2\/types\/post"}],"author":[{"embeddable":true,"href":"https:\/\/www.europesays.com\/lt\/wp-json\/wp\/v2\/users\/2"}],"replies":[{"embeddable":true,"href":"https:\/\/www.europesays.com\/lt\/wp-json\/wp\/v2\/comments?post=214519"}],"version-history":[{"count":0,"href":"https:\/\/www.europesays.com\/lt\/wp-json\/wp\/v2\/posts\/214519\/revisions"}],"wp:featuredmedia":[{"embeddable":true,"href":"https:\/\/www.europesays.com\/lt\/wp-json\/wp\/v2\/media\/214520"}],"wp:attachment":[{"href":"https:\/\/www.europesays.com\/lt\/wp-json\/wp\/v2\/media?parent=214519"}],"wp:term":[{"taxonomy":"category","embeddable":true,"href":"https:\/\/www.europesays.com\/lt\/wp-json\/wp\/v2\/categories?post=214519"},{"taxonomy":"post_tag","embeddable":true,"href":"https:\/\/www.europesays.com\/lt\/wp-json\/wp\/v2\/tags?post=214519"}],"curies":[{"name":"wp","href":"https:\/\/api.w.org\/{rel}","templated":true}]}}