{"id":21461,"date":"2025-10-20T11:50:08","date_gmt":"2025-10-20T11:50:08","guid":{"rendered":"https:\/\/www.europesays.com\/lt\/21461\/"},"modified":"2025-10-20T11:50:08","modified_gmt":"2025-10-20T11:50:08","slug":"karas-ukrainoje-zelenskis-priartejome-prie-galimos-karo-pabaigos-delfi","status":"publish","type":"post","link":"https:\/\/www.europesays.com\/lt\/21461\/","title":{"rendered":"Karas Ukrainoje. Zelenskis: priart\u0117jome prie galimos karo pabaigos &#8211; Delfi"},"content":{"rendered":"<ol>\n<li><a href=\"https:\/\/news.google.com\/rss\/articles\/CBMisgFBVV95cUxOYTEySWZxcVV1SmEybnJDcDlVZGZhQTIzMnBibkpTV296VlphdUdvS3dZWm1YWnk0cjZYb2RDcUN3WWtDSXlCczVSTWRVMWlFN1RjaUdzWGlJbXlxaGNMTk9YQVFWWktkN0prWUdOWVRHN0JhX0lNMmNqTHZpblYxZ0lWamVUcHBKZXctZHByVHkzZFpUN3BwLUpBUTQ3RzFfMEg1YjVsTUQ3aDA4SnYwUlVn?oc=5\" target=\"_blank\" rel=\"nofollow noopener\">Karas Ukrainoje. Zelenskis: priart\u0117jome prie galimos karo pabaigos<\/a>&nbsp;&nbsp;Delfi<\/li>\n<li><a href=\"https:\/\/news.google.com\/rss\/articles\/CBMi5AFBVV95cUxObVoxQ2xIWW9QMkRhcERPaDZPMVY1Y3FRQVAxQ0I2OU9lVWpsSk0wU3diQzhYQXE4UUY0RW9iT1RaUmk4c2F2dm8zNUJBNmNMLXM3cjAwZmJzWHpHYWNSYkloNUlfanZRbVNMNGhvTlhfNXJZYUZjQm5IMFowdTNjbDBaN1dudXB5cU4wMnU3aklNSmg4QkhreVRveWR0OFFvQTVaLTlvZDNLWVlOVlBFQ1lvRk4wakg0TnZST2lQam5GTmkwSDJkQkliQkNfN1VhTFJIdmdpZF83UGxQQk5MYjUxdlM?oc=5\" target=\"_blank\" rel=\"nofollow noopener\">D\u0117l ko i\u0161 tikr\u0173j\u0173 Va\u0161ingtone sutar\u0117 Trumpas ir Zelenskis: Putino laukia kai kas blogiau u\u017e \u201eTomahawk\u201c<\/a>&nbsp;&nbsp;Delfi<\/li>\n<li><a href=\"https:\/\/news.google.com\/rss\/articles\/CBMi0wFBVV95cUxOdHRHemdudDRadG92VHN3SXVzQWlQVUxOV3FWcHBqSDhSUm5JVW1peGxwT21ubWt6ODBpZ0JqUkpmVUk4S1p0aXFlcUtCaVVmSVhFZ3Q2S05wTXNYLUE1SkZOQjZ1SHgyVWExRTRUbFJNV0hHTDZhQWR5blc3UFVKU3ZJUGNjdEdET2NkNFNmTjR2Uk9BNnhHQ2RzVDRENFJsYWFmMUs4b2NxSEZPZS12bmg2Nm92NkRESDdUU0xNbEZtZTVFWVRMR3BvS2ZZaVBNV2tN?oc=5\" target=\"_blank\" rel=\"nofollow noopener\">\u017diniasklaida: per susitikim\u0105 su Zelenskiu Trumpas keik\u0117si, \u012f \u0161al\u012f numet\u0117 fronto \u017eem\u0117lapius<\/a>&nbsp;&nbsp;LRT<\/li>\n<li><a href=\"https:\/\/news.google.com\/rss\/articles\/CBMipwFBVV95cUxOdVlKdExma3JJWl93Ri0yYnVCdXIzekpack5mWUgwZFZ5dFNZTVM1QzI0UmhjcTlMMncyeHlaSXdhb2N0REdsUnV3ZDlINTQ1aDJfQUZiNUtqV3hHRGxJeGxqVzdVaGZfaElJZkMxVVVBa2J2Y2hUblBPLUstQnFTcTFBV3J1YkZmdU9QVi1fUmRWLVZ2N1phRl9IbEo1SlZpNTZfTmFfdw?oc=5\" target=\"_blank\" rel=\"nofollow noopener\">Trumpas spraud\u017eia Zelensk\u012f \u012f kamp\u0105 d\u0117l Donbaso<\/a>&nbsp;&nbsp;15min.lt<\/li>\n<li><a href=\"https:\/\/news.google.com\/rss\/articles\/CBMi2gFBVV95cUxOSXZGZEVEYVEydEdESE1qVWlDdGlpbXVKZC1ucTl0M0hmeVNneWVKMWdmcGVnSTVxSTA3VXRqaEFuNk5uRkZsYW1SMGNXRnRxMVNBUXZXeUYydkJyZmdJQTZ1elVhbEN6SFdnRDdpV0l4SnVZbVF2RmI5aERaMGVfNzdMMmlYSjlpRjlFc2lLLUJZM2lyRm85X29nUzI3TDBwSDJXSEZYRTY4RjN0bjA0Y1F5UFhFTkk4aVRwbnZqOFZBTVBFWEFyR1Y2ODl0dmdYVkJYSFFpR3ZNUQ?oc=5\" target=\"_blank\" rel=\"nofollow noopener\">J. D. Vance&#8217;as u\u017esimin\u0117 apie \u201eTomahawk\u201c raketas Ukrainai: \u201eMes \u017einome, kad jie to nori\u201c<\/a>&nbsp;&nbsp;Lrytas<\/li>\n<\/ol>\n","protected":false},"excerpt":{"rendered":"Karas Ukrainoje. Zelenskis: priart\u0117jome prie galimos karo pabaigos&nbsp;&nbsp;Delfi D\u0117l ko i\u0161 tikr\u0173j\u0173 Va\u0161ingtone sutar\u0117 Trumpas ir Zelenskis: Putino&hellip;\n","protected":false},"author":2,"featured_media":21462,"comment_status":"","ping_status":"","sticky":false,"template":"","format":"standard","meta":{"footnotes":""},"categories":[15],"tags":[25,30,31,34,35,24,121,32,33,37,39,36,38,40,23,22,44,28,29,26,27,74,75,76],"class_list":{"0":"post-21461","1":"post","2":"type-post","3":"status-publish","4":"format-standard","5":"has-post-thumbnail","7":"category-pasaulis","8":"tag-antrastes","9":"tag-breaking-news","10":"tag-breakingnews","11":"tag-featured-news","12":"tag-featurednews","13":"tag-headlines","14":"tag-karas-ukrainoje","15":"tag-latest-news","16":"tag-latestnews","17":"tag-lietuva","18":"tag-lietuviu","19":"tag-lithuania","20":"tag-lithuanian","21":"tag-lt","22":"tag-naujienos","23":"tag-news","24":"tag-pasaulis","25":"tag-populiariausios-naujienos","26":"tag-populiariausiosnaujienos","27":"tag-top-stories","28":"tag-topstories","29":"tag-world","30":"tag-world-news","31":"tag-worldnews"},"share_on_mastodon":{"url":"","error":""},"_links":{"self":[{"href":"https:\/\/www.europesays.com\/lt\/wp-json\/wp\/v2\/posts\/21461","targetHints":{"allow":["GET"]}}],"collection":[{"href":"https:\/\/www.europesays.com\/lt\/wp-json\/wp\/v2\/posts"}],"about":[{"href":"https:\/\/www.europesays.com\/lt\/wp-json\/wp\/v2\/types\/post"}],"author":[{"embeddable":true,"href":"https:\/\/www.europesays.com\/lt\/wp-json\/wp\/v2\/users\/2"}],"replies":[{"embeddable":true,"href":"https:\/\/www.europesays.com\/lt\/wp-json\/wp\/v2\/comments?post=21461"}],"version-history":[{"count":0,"href":"https:\/\/www.europesays.com\/lt\/wp-json\/wp\/v2\/posts\/21461\/revisions"}],"wp:featuredmedia":[{"embeddable":true,"href":"https:\/\/www.europesays.com\/lt\/wp-json\/wp\/v2\/media\/21462"}],"wp:attachment":[{"href":"https:\/\/www.europesays.com\/lt\/wp-json\/wp\/v2\/media?parent=21461"}],"wp:term":[{"taxonomy":"category","embeddable":true,"href":"https:\/\/www.europesays.com\/lt\/wp-json\/wp\/v2\/categories?post=21461"},{"taxonomy":"post_tag","embeddable":true,"href":"https:\/\/www.europesays.com\/lt\/wp-json\/wp\/v2\/tags?post=21461"}],"curies":[{"name":"wp","href":"https:\/\/api.w.org\/{rel}","templated":true}]}}