{"id":215026,"date":"2026-06-28T09:45:12","date_gmt":"2026-06-28T09:45:12","guid":{"rendered":"https:\/\/www.europesays.com\/lt\/215026\/"},"modified":"2026-06-28T09:45:12","modified_gmt":"2026-06-28T09:45:12","slug":"siekia-kad-butu-isnaikintas-konservatoriu-palikimas-respublika-lt","status":"publish","type":"post","link":"https:\/\/www.europesays.com\/lt\/215026\/","title":{"rendered":"Siekia, kad b\u016bt\u0173 i\u0161naikintas konservatori\u0173 palikimas &#8211; Respublika.lt"},"content":{"rendered":"<p><img loading=\"lazy\" decoding=\"async\" src=\"https:\/\/www.respublika.lt\/lt\/naujienos\/pasaulis\/pasaulio_politika\/siekia-kad-butu-isnaikintas-konservatoriu-palikimas\/images\/ico_camera_white.gif\" class=\"camera\" width=\"22\" height=\"15\" alt=\"nuotr.\" style=\"position:relative; top:-2px; right:2px;\"\/> 1 nuotr.<\/p>\n<p>Kra\u0161to apsaugos ministerija. Asociatyvi Eltos nuotr.<\/p>\n<p style=\"text-align: left;\">Seimo \u201eau\u0161rietis&#8221; Aidas Gedvilas susir\u016bpino, kada bus i\u0161naikintas konservatori\u0173 palikimas \u0161alies gynybos sistemoje, kai \u0161imtai milijon\u0173 eur\u0173, skirt\u0173 pirkimams, nus\u0117da tarpinink\u0173 ki\u0161en\u0117se, ir to pasiteiravo kra\u0161to apsaugos ministro Roberto Kauno.<\/p>\n<p style=\"text-align: justify;\" class=\"desktop_banner\">\u00a0<\/p>\n<p style=\"text-align: left;\">\u00a0<\/p>\n<p style=\"text-align: left;\">\u201ePo Valstyb\u0117s kontrol\u0117s audito i\u0161vad\u0173 paskelbimo norisi su\u017einoti, ar tai pagaliau taps atspirties ta\u0161ku, kad i\u0161valytum\u0117te konservatori\u0173 savoti\u0161k\u0105 palikim\u0105? Koki\u0173 poky\u010di\u0173 jau \u0117m\u0117t\u0117s, ar toliau t\u0119sis tarpinink\u0173 pasipelnymo ir be vie\u0161\u0173j\u0173 pirkim\u0173 praktika, ar bus pareikalauta nors kokia atsakomyb\u0117 i\u0161 atsaking\u0173 asmen\u0173?&#8221; &#8211; \u012f ministr\u0105 kreip\u0117si A.Gedvilas.<\/p>\n<p style=\"text-align: left;\">\u201eJau Valstyb\u0117s kontrol\u0117s i\u0161vad\u0173 pristatymo metu prie ne vieno punkto buvo pamin\u0117ta, kad Kra\u0161to apsaugos ministerijoje poky\u010diai yra prad\u0117ti, mes juos prad\u0117j\u0119 ir u\u017ebaigsime. Tikrai sistemoje poky\u010di\u0173 reikia.<\/p>\n<p style=\"text-align: left;\">Kalbant apie tarpininkus, pritariu min\u010diai, kad dirbant su tiek\u0117ju arba tiek\u0117jo atstovu ir vengiant tarpininkavimo mes tikrai gal\u0117tume taupyti l\u0117\u0161as.<\/p>\n<p style=\"text-align: left;\">Visada stengiam\u0117s, tokia praktika, bent jau dabar ministerijoje stengiamasi tokia praktika vadovautis, ta\u010diau \u0161iuo atveju mes v\u0117lgi remiam\u0117s ir \u012f kontroliuojan\u010dias institucijas, tiek Vie\u0161\u0173j\u0173 pirkim\u0173 tarnyb\u0105, tiek Konkurencijos tarnyb\u0105.<\/p>\n<p style=\"text-align: left;\">Tad bandome ir jas \u012ftikinti, kad galima pirkimo s\u0105lygose numatyti, kad tarpininkavimo b\u016bt\u0173 i\u0161vengiama. Kaip tai sekasi? Sunkiai, bet judame \u012f priek\u012f ir stengiam\u0117s skaidrinti savo pirkimus.<\/p>\n<p style=\"text-align: left;\">Dabar d\u0117l atsakomyb\u0117s. Visada, kai ministerijoje yra kokios nors indikacijos, galb\u016bt pavadinkime taip, kad yra ka\u017ekas neskaidru ar ka\u017ekas keisto, yra Generalin\u0117 inspekcija, yra Korupcijos prevencijos skyrius, yra ta pati Generalin\u0117 prokurat\u016bra, \u012f kuri\u0105 mes kreipiam\u0117s ir perduodame surinkt\u0105 informacij\u0105, kad jie priimt\u0173 sprendimus ir atsakingiems asmenims u\u017eduot\u0173 reikiamus klausimus&#8221;, &#8211; atsak\u0117 R.Kaunas.<\/p>\n","protected":false},"excerpt":{"rendered":"1 nuotr. Kra\u0161to apsaugos ministerija. Asociatyvi Eltos nuotr. Seimo \u201eau\u0161rietis&#8221; Aidas Gedvilas susir\u016bpino, kada bus i\u0161naikintas konservatori\u0173 palikimas&hellip;\n","protected":false},"author":2,"featured_media":215027,"comment_status":"","ping_status":"","sticky":false,"template":"","format":"standard","meta":{"footnotes":"","_share_on_mastodon":"0"},"categories":[6],"tags":[25,2639,30,31,34,35,5482,224,24,1061,1133,32,33,37,39,36,38,40,4630,23,22,353,28,29,32631,26,27],"class_list":["post-215026","post","type-post","status-publish","format-standard","has-post-thumbnail","category-antrastes","tag-antrastes","tag-auditas","tag-breaking-news","tag-breakingnews","tag-featured-news","tag-featurednews","tag-gedvilas","tag-gynyba","tag-headlines","tag-kaunas","tag-konservatoriai","tag-latest-news","tag-latestnews","tag-lietuva","tag-lietuviu","tag-lithuania","tag-lithuanian","tag-lt","tag-na","tag-naujienos","tag-news","tag-pirkimai","tag-populiariausios-naujienos","tag-populiariausiosnaujienos","tag-tarpininkai","tag-top-stories","tag-topstories"],"share_on_mastodon":{"url":"https:\/\/pubeurope.com\/@lt\/116827096938842342","error":""},"_links":{"self":[{"href":"https:\/\/www.europesays.com\/lt\/wp-json\/wp\/v2\/posts\/215026","targetHints":{"allow":["GET"]}}],"collection":[{"href":"https:\/\/www.europesays.com\/lt\/wp-json\/wp\/v2\/posts"}],"about":[{"href":"https:\/\/www.europesays.com\/lt\/wp-json\/wp\/v2\/types\/post"}],"author":[{"embeddable":true,"href":"https:\/\/www.europesays.com\/lt\/wp-json\/wp\/v2\/users\/2"}],"replies":[{"embeddable":true,"href":"https:\/\/www.europesays.com\/lt\/wp-json\/wp\/v2\/comments?post=215026"}],"version-history":[{"count":0,"href":"https:\/\/www.europesays.com\/lt\/wp-json\/wp\/v2\/posts\/215026\/revisions"}],"wp:featuredmedia":[{"embeddable":true,"href":"https:\/\/www.europesays.com\/lt\/wp-json\/wp\/v2\/media\/215027"}],"wp:attachment":[{"href":"https:\/\/www.europesays.com\/lt\/wp-json\/wp\/v2\/media?parent=215026"}],"wp:term":[{"taxonomy":"category","embeddable":true,"href":"https:\/\/www.europesays.com\/lt\/wp-json\/wp\/v2\/categories?post=215026"},{"taxonomy":"post_tag","embeddable":true,"href":"https:\/\/www.europesays.com\/lt\/wp-json\/wp\/v2\/tags?post=215026"}],"curies":[{"name":"wp","href":"https:\/\/api.w.org\/{rel}","templated":true}]}}