{"id":21521,"date":"2025-10-20T13:27:18","date_gmt":"2025-10-20T13:27:18","guid":{"rendered":"https:\/\/www.europesays.com\/lt\/21521\/"},"modified":"2025-10-20T13:27:18","modified_gmt":"2025-10-20T13:27:18","slug":"honkongo-oro-uoste-i-jura-nuslydo-krovininis-lektuvas","status":"publish","type":"post","link":"https:\/\/www.europesays.com\/lt\/21521\/","title":{"rendered":"Honkongo oro uoste \u012f j\u016br\u0105 nuslydo krovininis l\u0117ktuvas"},"content":{"rendered":"<p>\u0160is Turkijos oro linij\u0173 ACT \u201eBoeing 747\u201c laineris nukrypo nuo kilimo ir t\u016bpimo tako ir nuslydo \u012f vanden\u012f. Filmuotoje med\u017eiagoje, kuria pasidalino vietos \u017einiasklaidos priemon\u0117s, matyti pusiau panir\u0119s l\u0117ktuvas su nupl\u0117\u0161ta uodega.<\/p>\n<p>    <img decoding=\"async\" src=\"https:\/\/www.europesays.com\/lt\/wp-content\/uploads\/2025\/10\/b3194059-d949-43ec-ad03-b6e505bc072a.jpg\" loading=\"lazy\" alt=\"Honkongo oro uoste \u012f j\u016br\u0105 nuslydo krovininis l\u0117ktuvas\"\/>      <\/p>\n<p>Remiantis prane\u0161imais, didelis reaktyvinis l\u0117ktuvas, kuriame buvo keturi \u012fgulos nariai, prie\u0161 tai ant oro uosto kilimo ir t\u016bpimo tako susid\u016br\u0117 su transporto priemone, kuri d\u0117l susid\u016brimo j\u0117gos taip pat buvo \u012fstumta \u012f j\u016br\u0105. <\/p>\n<p>    <img decoding=\"async\" src=\"https:\/\/www.europesays.com\/lt\/wp-content\/uploads\/2025\/10\/8c2c8aea-f493-4bc1-9b23-a3006ddc52fe.jpg\" loading=\"lazy\" alt=\"Honkongo oro uoste nuo kilimo ir t\u016bpimo tako \u012f j\u016br\u0105 nuslydo krovininis l\u0117ktuvas\"\/>      <\/p>\n<p>\u017duvo du \u0161ioje transporto priemon\u0117je buv\u0119 \u017emon\u0117s. Krovininio l\u0117ktuvo \u012fgula nenukent\u0117jo ir buvo i\u0161gelb\u0117ta, sakoma prane\u0161imuose.<\/p>\n<p>        <img decoding=\"async\" src=\"https:\/\/www.europesays.com\/lt\/wp-content\/uploads\/2025\/10\/8ff618fd-402f-4037-8cec-32f723e805aa.jpg\" loading=\"lazy\" alt=\"Honkongo oro uoste \u012f j\u016br\u0105 nuslydo krovininis l\u0117ktuvas\"\/>      <\/p>\n<p>Kaip prane\u0161ama, nelaim\u0117 \u012fvyko apie 3.50 val. vietos (sekmadien\u012f 22.50 val. Lietuvos) laiku. Ji, regis, netur\u0117jo didel\u0117s \u012ftakos keleivi\u0173 srautui dideliame tarptautiniame oro uoste, kurio internetin\u0117je svetain\u0117je i\u0161 prad\u017ei\u0173 nebuvo prane\u0161ta apie jokius didelius v\u0117lavimus ar at\u0161aukimus.<\/p>\n","protected":false},"excerpt":{"rendered":"\u0160is Turkijos oro linij\u0173 ACT \u201eBoeing 747\u201c laineris nukrypo nuo kilimo ir t\u016bpimo tako ir nuslydo \u012f vanden\u012f.&hellip;\n","protected":false},"author":2,"featured_media":21522,"comment_status":"","ping_status":"","sticky":false,"template":"","format":"standard","meta":{"footnotes":""},"categories":[15],"tags":[25,30,31,34,35,24,598,32,33,1144,37,39,36,38,40,23,22,168,44,28,29,26,27,74,75,76],"class_list":{"0":"post-21521","1":"post","2":"type-post","3":"status-publish","4":"format-standard","5":"has-post-thumbnail","7":"category-pasaulis","8":"tag-antrastes","9":"tag-breaking-news","10":"tag-breakingnews","11":"tag-featured-news","12":"tag-featurednews","13":"tag-headlines","14":"tag-honkongas","15":"tag-latest-news","16":"tag-latestnews","17":"tag-lektuvas","18":"tag-lietuva","19":"tag-lietuviu","20":"tag-lithuania","21":"tag-lithuanian","22":"tag-lt","23":"tag-naujienos","24":"tag-news","25":"tag-oro-uostas","26":"tag-pasaulis","27":"tag-populiariausios-naujienos","28":"tag-populiariausiosnaujienos","29":"tag-top-stories","30":"tag-topstories","31":"tag-world","32":"tag-world-news","33":"tag-worldnews"},"share_on_mastodon":{"url":"","error":""},"_links":{"self":[{"href":"https:\/\/www.europesays.com\/lt\/wp-json\/wp\/v2\/posts\/21521","targetHints":{"allow":["GET"]}}],"collection":[{"href":"https:\/\/www.europesays.com\/lt\/wp-json\/wp\/v2\/posts"}],"about":[{"href":"https:\/\/www.europesays.com\/lt\/wp-json\/wp\/v2\/types\/post"}],"author":[{"embeddable":true,"href":"https:\/\/www.europesays.com\/lt\/wp-json\/wp\/v2\/users\/2"}],"replies":[{"embeddable":true,"href":"https:\/\/www.europesays.com\/lt\/wp-json\/wp\/v2\/comments?post=21521"}],"version-history":[{"count":0,"href":"https:\/\/www.europesays.com\/lt\/wp-json\/wp\/v2\/posts\/21521\/revisions"}],"wp:featuredmedia":[{"embeddable":true,"href":"https:\/\/www.europesays.com\/lt\/wp-json\/wp\/v2\/media\/21522"}],"wp:attachment":[{"href":"https:\/\/www.europesays.com\/lt\/wp-json\/wp\/v2\/media?parent=21521"}],"wp:term":[{"taxonomy":"category","embeddable":true,"href":"https:\/\/www.europesays.com\/lt\/wp-json\/wp\/v2\/categories?post=21521"},{"taxonomy":"post_tag","embeddable":true,"href":"https:\/\/www.europesays.com\/lt\/wp-json\/wp\/v2\/tags?post=21521"}],"curies":[{"name":"wp","href":"https:\/\/api.w.org\/{rel}","templated":true}]}}