{"id":21599,"date":"2025-10-20T15:45:29","date_gmt":"2025-10-20T15:45:29","guid":{"rendered":"https:\/\/www.europesays.com\/lt\/21599\/"},"modified":"2025-10-20T15:45:29","modified_gmt":"2025-10-20T15:45:29","slug":"trumpo-paskyroje-gluminantis-vaizdo-irasas","status":"publish","type":"post","link":"https:\/\/www.europesays.com\/lt\/21599\/","title":{"rendered":"Trumpo paskyroje \u2013 gluminantis vaizdo \u012fra\u0161as"},"content":{"rendered":"<p>Viename gluminan\u010diame klipe, kuriuo D. Trumpas pasidalijo savo platformoje \u201eTruth Social\u201c, jis vaizduojamas kaip pilotas, skrendantis naikintuvu, ant kurio u\u017era\u0161yta \u201eKaralius Trumpas\u201c. Vaizdo \u012fra\u0161e i\u0161 l\u0117ktuvo ant protestuotoj\u0173 mieste, pana\u0161iame \u012f Niujork\u0105, metamas rudas purvas, pana\u0161us \u012f\u00a0ekskrementus.<\/p>\n<p>Kitame vaizdo \u012fra\u0161e, kur\u012f anks\u010diau platformoje \u201eBluesky\u201c paskelb\u0117 viceprezidentas JD Vance\u2018as, vaizduojama, kaip DI sukurtas D. Trumpas pasipuo\u0161ia karali\u0161kais vald\u017eios \u017eenklais \u2013 kar\u016bna, mantija ir kardu, o prie\u0161 j\u012f ant keli\u0173 klaupiasi tokie politikai kaip demokrat\u0117 Nancy Pelosi.<\/p>\n<p>D. Trumpo \u012fra\u0161ai buvo akivaizdus atsakas \u012f protest\u0173, kuriuose \u0161e\u0161tadien\u012f dalyvavo milijonai \u017emoni\u0173, \u0161\u016bk\u012f \u201eKaraliams \u2013 ne\u201c. Demonstrantai rei\u0161k\u0117 nepasitenkinim\u0105 prezidento valdymo stiliumi.<\/p>\n<p>Organizatori\u0173 teigimu, protestuose, kurie buvo surengti daugiau kaip 2 700 JAV miest\u0173 ir miesteli\u0173, dalyvavo beveik 7 mln. \u017emoni\u0173.<\/p>\n<p>Jud\u0117jimas \u201eKaraliams \u2013 ne\u201c kaltina D. Trump\u0105 autoritarine elgsena. Grup\u0117 pa\u017eym\u0117jo, kad D. Trumpas mano, jog jo vald\u017eia yra absoliuti, ta\u010diau, pasak jos, \u201eAmerikoje n\u0117ra karali\u0173\u201c.<\/p>\n","protected":false},"excerpt":{"rendered":"Viename gluminan\u010diame klipe, kuriuo D. Trumpas pasidalijo savo platformoje \u201eTruth Social\u201c, jis vaizduojamas kaip pilotas, skrendantis naikintuvu, ant&hellip;\n","protected":false},"author":2,"featured_media":21600,"comment_status":"","ping_status":"","sticky":false,"template":"","format":"standard","meta":{"footnotes":""},"categories":[15],"tags":[25,30,31,194,3346,34,35,24,32,33,37,39,36,38,40,23,22,44,28,29,26,27,74,75,76],"class_list":{"0":"post-21599","1":"post","2":"type-post","3":"status-publish","4":"format-standard","5":"has-post-thumbnail","7":"category-pasaulis","8":"tag-antrastes","9":"tag-breaking-news","10":"tag-breakingnews","11":"tag-donaldas-trumpas","12":"tag-elta-uzsienio-naujiena","13":"tag-featured-news","14":"tag-featurednews","15":"tag-headlines","16":"tag-latest-news","17":"tag-latestnews","18":"tag-lietuva","19":"tag-lietuviu","20":"tag-lithuania","21":"tag-lithuanian","22":"tag-lt","23":"tag-naujienos","24":"tag-news","25":"tag-pasaulis","26":"tag-populiariausios-naujienos","27":"tag-populiariausiosnaujienos","28":"tag-top-stories","29":"tag-topstories","30":"tag-world","31":"tag-world-news","32":"tag-worldnews"},"share_on_mastodon":{"url":"","error":""},"_links":{"self":[{"href":"https:\/\/www.europesays.com\/lt\/wp-json\/wp\/v2\/posts\/21599","targetHints":{"allow":["GET"]}}],"collection":[{"href":"https:\/\/www.europesays.com\/lt\/wp-json\/wp\/v2\/posts"}],"about":[{"href":"https:\/\/www.europesays.com\/lt\/wp-json\/wp\/v2\/types\/post"}],"author":[{"embeddable":true,"href":"https:\/\/www.europesays.com\/lt\/wp-json\/wp\/v2\/users\/2"}],"replies":[{"embeddable":true,"href":"https:\/\/www.europesays.com\/lt\/wp-json\/wp\/v2\/comments?post=21599"}],"version-history":[{"count":0,"href":"https:\/\/www.europesays.com\/lt\/wp-json\/wp\/v2\/posts\/21599\/revisions"}],"wp:featuredmedia":[{"embeddable":true,"href":"https:\/\/www.europesays.com\/lt\/wp-json\/wp\/v2\/media\/21600"}],"wp:attachment":[{"href":"https:\/\/www.europesays.com\/lt\/wp-json\/wp\/v2\/media?parent=21599"}],"wp:term":[{"taxonomy":"category","embeddable":true,"href":"https:\/\/www.europesays.com\/lt\/wp-json\/wp\/v2\/categories?post=21599"},{"taxonomy":"post_tag","embeddable":true,"href":"https:\/\/www.europesays.com\/lt\/wp-json\/wp\/v2\/tags?post=21599"}],"curies":[{"name":"wp","href":"https:\/\/api.w.org\/{rel}","templated":true}]}}