{"id":216077,"date":"2026-06-29T13:23:14","date_gmt":"2026-06-29T13:23:14","guid":{"rendered":"https:\/\/www.europesays.com\/lt\/216077\/"},"modified":"2026-06-29T13:23:14","modified_gmt":"2026-06-29T13:23:14","slug":"kaunas-cia-nesitvarko-gatves-remonto-laukiantys-gyventojai-pastate-kandu-stenda","status":"publish","type":"post","link":"https:\/\/www.europesays.com\/lt\/216077\/","title":{"rendered":"\u201eKaunas \u010dia nesitvarko\u201c: gatv\u0117s remonto laukiantys gyventojai pastat\u0117 kand\u0173 stend\u0105"},"content":{"rendered":"<p>Semb\u0173 gatv\u0117s remonto ir asfalto ilgai laukiantys gyventojai \u012freng\u0117 kand\u0173 stend\u0105. Ta\u010diau pana\u0161u, kad kelinink\u0173 grei\u010diau sulaukti tai nepad\u0117s. Anot Kauno miesto savivaldyb\u0117s, gatv\u0119 planuojama tvarkyti, bet tikrai ne artimiausiu metu.<\/p>\n<p>\u201eI\u0161 Kauno miesto gatvi\u0173 gyvenimo \u2013 Semb\u0173 gatv\u0117, kuri \u012f Kauno miesto gatvi\u0173 tiesimo, rekonstravimo, taisymo ir prie\u017ei\u016bros darb\u0173 prioritetin\u012f s\u0105ra\u0161\u0105 \u012ftraukiama jau kokius 10 met\u0173, bet vis dar nerandama jai finansavimo (nors kitose gatv\u0117se <a href=\"https:\/\/kaunas.kasvyksta.lt\/asfaltas\" title=\"Asfaltas\" rel=\"nofollow noopener\" target=\"_blank\">asfaltas<\/a> visoje gatv\u0117je perliejamas d\u0117l vienos duob\u0117s). Gyventoj\u0173 pra\u0161ymai ignoruojami. Savivaldyb\u0117 atsako, kad v\u0117l neskirta finansavimo. \u0160ilaini\u0173 seni\u016bnija nepateik\u0117 atsakymo nei \u012f vien\u0105 lai\u0161k\u0105. Tad tik \u0161tai tokie u\u017era\u0161ai ir belieka\u201c, \u2013 pra\u0117jusi\u0105 savait\u0119 ra\u0161\u0117 naujien\u0173 portalui \u201eKas vyksta Kaune\u201c nuotrauk\u0105 atsiunt\u0119s skaitytojas.<\/p>\n<p>Gatv\u0117s gyventojai teritorijoje \u012freng\u0117 kand\u0173 stend\u0105, kuriame ra\u0161oma: \u201eKaunas \u010dia nesitvarko! Atsipra\u0161ome u\u017e nesibaigian\u010dius nepatogumus. Va\u017eiuokite l\u0117tai, nekeliant dulki\u0173. D\u0117koja \u0161ios gatv\u0117s vaikai ir gyventojai\u201c.<\/p>\n<p>Kaip portalui \u201eKas vyksta Kaune\u201c nurod\u0117 Kauno savivaldyb\u0117s Miesto tvarkymo skyriaus ved\u0117jas Aloyzas Pakalni\u0161kis, Semb\u0173 gatv\u0117 yra \u012ftraukta \u012f Kauno miesto gatvi\u0173 tiesimo, rekonstravimo, taisymo ir prie\u017ei\u016bros darb\u0173 2026-2028 met\u0173 prioritetin\u012f s\u0105ra\u0161\u0105. Ta\u010diau artimiausiu metu gatv\u0117 rekonstrukcijos nesulauks, mat prioritetiniame s\u0105ra\u0161e ji pa\u017eym\u0117ta 142-uoju numeriu.<\/p>\n<p>\u201eJeigu gatv\u0117 prioritetiniame s\u0105ra\u0161e  Nr. 142, tai artimiausiu metu tikrai darbai nebus atliekami. Ta\u010diau vadovaujantis Kauno miesto susisiekimo komunikacij\u0173 ir j\u0173 in\u017einerini\u0173 tinkl\u0173 projektavimo, rekonstravimo ar remonto darb\u0173 organizavimo, kai prie \u0161i\u0173 darb\u0173 finansavimo 50 procent\u0173 ir daugiau prisideda fiziniai ar pelno nesiekiantys ribotos civilin\u0117s atsakomyb\u0117s juridiniai asmenys, yra sudaryta galimyb\u0117 atlikti gatv\u0117s remonto (\u012frengimo) darbus prisidedant savo l\u0117\u0161omis\u201c, \u2013 pa\u017eym\u0117jo A. Pakalni\u0161kis, nurod\u0119s, kad su teis\u0117s aktu galima susipa\u017einti <a href=\"https:\/\/www.e-tar.lt\/portal\/lt\/legalAct\/30f7b6c0020411efa28cd23166221a3c\/asr\" target=\"_blank\" rel=\"nofollow noopener\">\u010dia<\/a>.<\/p>\n<p>Miesto tvarkymo skyriaus ved\u0117jas taip pat pa\u017eym\u0117jo, kad per \u0161\u012f pusmet\u012f \u012f Kauno miesto savivaldyb\u0119 d\u0117l prastos Semb\u0173 gatv\u0117s b\u016bkl\u0117s buvo kreip\u0119sis tik vienas gyventojas.<\/p>\n<p>\u201eTaip pat informuojame, kad Kauno miesto \u017evyro dangos gatvi\u0173 prie\u017ei\u016bros darbai atliekami atsi\u017evelgiant \u012f eismo intensyvum\u0105, gatvi\u0173 b\u016bkl\u0119, vie\u0161ojo transporto mar\u0161rutus, oro s\u0105lygas bei skiriamus asignavimus.  Pa\u017eymime, kad \u017evyruot\u0173 gatvi\u0173 prie\u017ei\u016bros darbai organizuojami tik esant palankioms oro s\u0105lygoms ir sausai kelio dangai\u201c, \u2013 komentavo A. Pakalni\u0161kis.<\/p>\n","protected":false},"excerpt":{"rendered":"Semb\u0173 gatv\u0117s remonto ir asfalto ilgai laukiantys gyventojai \u012freng\u0117 kand\u0173 stend\u0105. Ta\u010diau pana\u0161u, kad kelinink\u0173 grei\u010diau sulaukti tai&hellip;\n","protected":false},"author":2,"featured_media":216078,"comment_status":"","ping_status":"","sticky":false,"template":"","format":"standard","meta":{"footnotes":"","_share_on_mastodon":"0"},"categories":[13],"tags":[25,835,30,31,563,34,35,24547,24,1061,32,33,37,39,36,38,40,23,22,28,29,19966,26,27],"class_list":["post-216077","post","type-post","status-publish","format-standard","has-post-thumbnail","category-lietuva","tag-antrastes","tag-asfaltas","tag-breaking-news","tag-breakingnews","tag-eismas","tag-featured-news","tag-featurednews","tag-gatves-rekonstrukcija","tag-headlines","tag-kaunas","tag-latest-news","tag-latestnews","tag-lietuva","tag-lietuviu","tag-lithuania","tag-lithuanian","tag-lt","tag-naujienos","tag-news","tag-populiariausios-naujienos","tag-populiariausiosnaujienos","tag-rekomenduojame","tag-top-stories","tag-topstories"],"share_on_mastodon":{"url":"https:\/\/pubeurope.com\/@lt\/116833616192320341","error":""},"_links":{"self":[{"href":"https:\/\/www.europesays.com\/lt\/wp-json\/wp\/v2\/posts\/216077","targetHints":{"allow":["GET"]}}],"collection":[{"href":"https:\/\/www.europesays.com\/lt\/wp-json\/wp\/v2\/posts"}],"about":[{"href":"https:\/\/www.europesays.com\/lt\/wp-json\/wp\/v2\/types\/post"}],"author":[{"embeddable":true,"href":"https:\/\/www.europesays.com\/lt\/wp-json\/wp\/v2\/users\/2"}],"replies":[{"embeddable":true,"href":"https:\/\/www.europesays.com\/lt\/wp-json\/wp\/v2\/comments?post=216077"}],"version-history":[{"count":0,"href":"https:\/\/www.europesays.com\/lt\/wp-json\/wp\/v2\/posts\/216077\/revisions"}],"wp:featuredmedia":[{"embeddable":true,"href":"https:\/\/www.europesays.com\/lt\/wp-json\/wp\/v2\/media\/216078"}],"wp:attachment":[{"href":"https:\/\/www.europesays.com\/lt\/wp-json\/wp\/v2\/media?parent=216077"}],"wp:term":[{"taxonomy":"category","embeddable":true,"href":"https:\/\/www.europesays.com\/lt\/wp-json\/wp\/v2\/categories?post=216077"},{"taxonomy":"post_tag","embeddable":true,"href":"https:\/\/www.europesays.com\/lt\/wp-json\/wp\/v2\/tags?post=216077"}],"curies":[{"name":"wp","href":"https:\/\/api.w.org\/{rel}","templated":true}]}}