{"id":216096,"date":"2026-06-29T13:38:31","date_gmt":"2026-06-29T13:38:31","guid":{"rendered":"https:\/\/www.europesays.com\/lt\/216096\/"},"modified":"2026-06-29T13:38:31","modified_gmt":"2026-06-29T13:38:31","slug":"pripazino-neteisetais-dali-ryanair-mokesciu-keleiviams-atsiveria-galimybe-kompensacijoms-delfi","status":"publish","type":"post","link":"https:\/\/www.europesays.com\/lt\/216096\/","title":{"rendered":"Pripa\u017eino neteis\u0117tais dal\u012f \u201eRyanair\u201c mokes\u010di\u0173: keleiviams atsiveria galimyb\u0117 kompensacijoms &#8211; Delfi"},"content":{"rendered":"<ol>\n<li><a href=\"https:\/\/news.google.com\/rss\/articles\/CBMi3AFBVV95cUxOYVJrWTNKTHpIS2g1UlpzdEljZ0Z3NU56WmI2c293eG9DVnpramg1enNMUHJPYnB6b0dFRXM2THVXV0NGOE5UM0V3S2ltWFZvbm9FU1lGQ1RLX0VEZ0NEbGdYOUowN3BJVDhKN3NhVlpwTHpMTVB5a2tqdjdCS2UyMGZMaS1DTnctWHRjNmVFX2FSemlCZV9GbHd3LWZnSDY2QjVUdUFFRGpodkxpaWJ6Q0g1NEhrc3FTRjcwMWctVDI2bjQxNkM0ck1vZzZfWWYtQWdwTVZjcEFVUExh?oc=5\" target=\"_blank\" rel=\"nofollow noopener\">Pripa\u017eino neteis\u0117tais dal\u012f \u201eRyanair\u201c mokes\u010di\u0173: keleiviams atsiveria galimyb\u0117 kompensacijoms<\/a>&nbsp;&nbsp;Delfi<\/li>\n<li><a href=\"https:\/\/news.google.com\/rss\/articles\/CBMi2AFBVV95cUxQMUNoZTdzbUpHUEZKcjBFMnVkVXRaRTZWa1F0eGZKNVMtVWxhNG55bnhyRUlJQ0s4bmgwQW0yY09MX3YtMHBwZWs4YzJ5Tm13YlVMZ3VZaWJleUQ3VXo1RFNrTXM2aE1QZDlERzZkZ3BtOTk1UFl3VERla0pmc2xpUjUtc2ZmcnNRXzRNcEZJZ2tTakwxVTR2NHVmZVB4QW1nZkxZeDdJMEZfbFhacWdQV3BoRmdhMFJNelhvSkhrMnZmYzVtODM3Q0N4c2gyUXREMlZkTk9CWUw?oc=5\" target=\"_blank\" rel=\"nofollow noopener\">Sm\u016bgis \u201eRyanair\u201c: dalis taikyt\u0173 mokes\u010di\u0173 neteis\u0117ti, keleiviai gali reikalauti gr\u0105\u017einti pinigus<\/a>&nbsp;&nbsp;15min.lt<\/li>\n<li><a href=\"https:\/\/news.google.com\/rss\/articles\/CBMiwgFBVV95cUxPUjZXd2tBUTZkNENSVWhfMlZhMU1MbGtjYWV0dDNHVE5zTXFST2JiS2tIMzU2eEhKQnc2U3hhdmRRaDQwdUkxSU1maFUyMVNVWHo1YjJFa2RFS3FHREo5TnVLa1dGbXFaVUFPVTNmVm4wVzdvNkc1a05uM09Ed0xMaHNqV1I0M3owS1lSUGhuS2M5ME1waklLNkZJWWJ3NkJIMHd1aUJoZ1dvUlB3NGI4VUJKODJMeFpLX21NS0lubGtqQQ?oc=5\" target=\"_blank\" rel=\"nofollow noopener\">\u201eRyanair\u201c kei\u010dia tvark\u0105 ir \u012fsp\u0117ja keliautojus: u\u017e tai nebereik\u0117s mok\u0117ti papildomai<\/a>&nbsp;&nbsp;tv3.lt<\/li>\n<li><a href=\"https:\/\/news.google.com\/rss\/articles\/CBMi7AFBVV95cUxNTG9lMExseEtaX1dXckxDSlh3Z2N3dnNQS01vSGJlc3J4a0R5aHFSLWZhRkdWQzliclZiUHJSMmw1MVpBbk1PWUREQUdaWS1hdnhGSm9LT3pXbnlsbHBnSnE4NmVJX2FYYmo0WDRTR0RhM1ZhWDEzQzJoUjMtelV1MG00VDRiODBlamxJZWFPOHVFZG00Tk0ydEVHVkZ1Q2dXUllmczZhWkdPM1F4c1hqamtSMGhGOXpkeGdaSXYwUUtMY2Qya1ZBeUV0VjZFblhmSmxHUGRQckdIbkpUNXEzdTBYZlExTXU3Rktjdg?oc=5\" target=\"_blank\" rel=\"nofollow noopener\">\u201eRyanair\u201c sulauk\u0117 kir\u010dio dar vienoje valstyb\u0117je: daugelis mokes\u010di\u0173 pripa\u017einti neteis\u0117tais<\/a>&nbsp;&nbsp;Lrytas<\/li>\n<li><a href=\"https:\/\/news.google.com\/rss\/articles\/CBMiowFBVV95cUxQRGNialBZbHlPMUh6VEhVbW5YRnZfR3VrZlpCalNlUTBKU19JbGlhWlpZVHZha0dfQTNtVjRVMERZc1l1NDdTRzMtb3Y1RlctdjV5dkRBUTlMWmJQLXhkWUpfbWRYXzFDMm5tOG04QlBWSEZEcFZNQlQyVnphU0poMlVpV0U4MGFpeVhrN0JsT191OE9kOU1URExDOHRTaWhJeG0w?oc=5\" target=\"_blank\" rel=\"nofollow noopener\">Po JK prad\u0117to tyrimo \u201eRyanair\u201c atsisako mokes\u010dio u\u017e galimyb\u0119 t\u0117vams s\u0117d\u0117ti \u0161alia vaik\u0173<\/a>&nbsp;&nbsp;tie2.lt<\/li>\n<\/ol>\n","protected":false},"excerpt":{"rendered":"Pripa\u017eino neteis\u0117tais dal\u012f \u201eRyanair\u201c mokes\u010di\u0173: keleiviams atsiveria galimyb\u0117 kompensacijoms&nbsp;&nbsp;Delfi Sm\u016bgis \u201eRyanair\u201c: dalis taikyt\u0173 mokes\u010di\u0173 neteis\u0117ti, keleiviai gali reikalauti&hellip;\n","protected":false},"author":2,"featured_media":216097,"comment_status":"","ping_status":"","sticky":false,"template":"","format":"standard","meta":{"footnotes":"","_share_on_mastodon":"0"},"categories":[15],"tags":[25,4717,30,31,3346,34,35,24,32,33,37,39,36,38,40,23,22,44,28,29,1329,26,27,27447,74,75,76],"class_list":["post-216096","post","type-post","status-publish","format-standard","has-post-thumbnail","category-pasaulis","tag-antrastes","tag-aviacija","tag-breaking-news","tag-breakingnews","tag-elta-uzsienio-naujiena","tag-featured-news","tag-featurednews","tag-headlines","tag-latest-news","tag-latestnews","tag-lietuva","tag-lietuviu","tag-lithuania","tag-lithuanian","tag-lt","tag-naujienos","tag-news","tag-pasaulis","tag-populiariausios-naujienos","tag-populiariausiosnaujienos","tag-ryanair","tag-top-stories","tag-topstories","tag-vartotoju-teises","tag-world","tag-world-news","tag-worldnews"],"share_on_mastodon":{"url":"https:\/\/pubeurope.com\/@lt\/116833675374316778","error":""},"_links":{"self":[{"href":"https:\/\/www.europesays.com\/lt\/wp-json\/wp\/v2\/posts\/216096","targetHints":{"allow":["GET"]}}],"collection":[{"href":"https:\/\/www.europesays.com\/lt\/wp-json\/wp\/v2\/posts"}],"about":[{"href":"https:\/\/www.europesays.com\/lt\/wp-json\/wp\/v2\/types\/post"}],"author":[{"embeddable":true,"href":"https:\/\/www.europesays.com\/lt\/wp-json\/wp\/v2\/users\/2"}],"replies":[{"embeddable":true,"href":"https:\/\/www.europesays.com\/lt\/wp-json\/wp\/v2\/comments?post=216096"}],"version-history":[{"count":0,"href":"https:\/\/www.europesays.com\/lt\/wp-json\/wp\/v2\/posts\/216096\/revisions"}],"wp:featuredmedia":[{"embeddable":true,"href":"https:\/\/www.europesays.com\/lt\/wp-json\/wp\/v2\/media\/216097"}],"wp:attachment":[{"href":"https:\/\/www.europesays.com\/lt\/wp-json\/wp\/v2\/media?parent=216096"}],"wp:term":[{"taxonomy":"category","embeddable":true,"href":"https:\/\/www.europesays.com\/lt\/wp-json\/wp\/v2\/categories?post=216096"},{"taxonomy":"post_tag","embeddable":true,"href":"https:\/\/www.europesays.com\/lt\/wp-json\/wp\/v2\/tags?post=216096"}],"curies":[{"name":"wp","href":"https:\/\/api.w.org\/{rel}","templated":true}]}}