{"id":216587,"date":"2026-06-30T04:37:36","date_gmt":"2026-06-30T04:37:36","guid":{"rendered":"https:\/\/www.europesays.com\/lt\/216587\/"},"modified":"2026-06-30T04:37:36","modified_gmt":"2026-06-30T04:37:36","slug":"zelenskis-rusija-jau-15-karta-pakeite-donbaso-uzemimo-termina","status":"publish","type":"post","link":"https:\/\/www.europesays.com\/lt\/216587\/","title":{"rendered":"Zelenskis: Rusija jau 15 kart\u0105 pakeit\u0117 Donbaso u\u017e\u0117mimo termin\u0105"},"content":{"rendered":"\n<p>\u201eRusijos politin\u0117 vadovyb\u0117 nuolat svaigsta apie Donbas\u0105. Jau 15 kart\u0173 jie skelb\u0117 \u0161ias nes\u0105mones \u2013 neva visi\u0161kai u\u017eims <a rel=\"noopener nofollow\" target=\"_blank\" href=\"https:\/\/www.delfi.lt\/temos\/donbasas\" tag-id=\"66604680\">Donbas\u0105<\/a>\u201c, \u2013 sak\u0117 jis.<\/p>\n<p>Jis primin\u0117, kad 2022 m. buvo nustatytas terminas iki kovo 31 d., v\u0117liau \u2013 iki gegu\u017e\u0117s 9 d., bir\u017eelio 1 d., rugs\u0117jo 15 d. ir gruod\u017eio 31 d. 2023 m. Rusijos prezidentas nustat\u0117 dar du terminus \u2013 iki kovo 1 d. ir iki gruod\u017eio 31 d.<\/p>\n<p>\u201e2024 metais v\u0117l buvo du tokie terminai. 2025-aisiais, kai rusai band\u0117 \u012ftikinti prezident\u0105 Trump\u0105, kad Ukraina neva \u017elugs, jie jau buvo nustat\u0119 tris galutinius terminus Donbasui u\u017eimti \u2013 iki rugs\u0117jo 1 d., gruod\u017eio 1 d. ir gruod\u017eio 25 d.\u201c, \u2013 teig\u0117 V. Zelenskis.<\/p>\n<p>Jis pabr\u0117\u017e\u0117, kad 2026 m. Kremlius dar kart\u0105 nuk\u0117l\u0117 Donecko srities u\u017e\u0117mimo dat\u0105. I\u0161 prad\u017ei\u0173 rusai planavo okupuoti Donbas\u0105 iki kovo 31 d., v\u0117liau \u2013 iki rugs\u0117jo 1 d., o dabar nauju terminu nustat\u0117 gruod\u017eio 31 d.<\/p>\n<p>  <img decoding=\"async\" src=\"https:\/\/static.delfi.lt\/portal\/images\/article\/icon-pullout.svg\" alt=\"\"\/> <\/p>\n<p>\u201eJei Rusija neu\u017ebaigs karo, \u0161\u012f galutin\u012f termin\u0105 jai v\u0117l teks nukelti. Jei Putinas nori paaukoti dar milijon\u0105 savo kari\u0173, kad jie ir toliau dau\u017eyt\u0173si \u012f \u0161i\u0105 sien\u0105, tuomet tam milijonui rus\u0173, kurie dar n\u0117ra mobilizuoti \u012f kariuomen\u0119 ir dabar stovi eil\u0117se prie degalini\u0173, vert\u0117t\u0173 pagalvoti, kas j\u0173 laukia toliau\u201c, \u2013 sak\u0117 Ukrainos prezidentas.<\/p>\n<p>V. Zelenskis teig\u0117, kad Ukraina pateik\u0117 Rusijai visus pasi\u016blymus <a rel=\"noopener nofollow\" target=\"_blank\" href=\"https:\/\/www.delfi.lt\/temos\/karas-ukrainoje\" tag-id=\"73240966\">kar\u0105<\/a> u\u017ebaigti, ta\u010diau Maskva kiekvien\u0105 kart\u0105 j\u0173 atsisako.<\/p>\n<p>Jis taip pat parei\u0161k\u0117, kad Rusija ir v\u0117l ai\u0161kiai parod\u0117 nor\u0105 t\u0119sti kar\u0105, tod\u0117l, pasak jo, \u201ereikia sukurti daugiau kli\u016b\u010di\u0173 norui kariauti toliau\u201c.<\/p>\n<p>Primename, kad anks\u010diau buvo skelbta: Rusijos naujokas, atsid\u016br\u0119s kovin\u0117se pozicijose, gali i\u0161gyventi tik 20\u201335 minutes. Pagrindin\u0117 prie\u017eastis \u2013 Ukrainos dronai.<\/p>\n<p>Taip pat CNN ra\u0161\u0117, kad po pastar\u0173j\u0173 Ukrainos sm\u016bgi\u0173 Rusijos objektams Kremlius \u0117m\u0117 aktyviau kalb\u0117ti apie tariam\u0105 pa\u017eang\u0105 Donbase, nors analitikai abejoja, ar \u0161ie teiginiai teisingi.<\/p>\n","protected":false},"excerpt":{"rendered":"\u201eRusijos politin\u0117 vadovyb\u0117 nuolat svaigsta apie Donbas\u0105. Jau 15 kart\u0173 jie skelb\u0117 \u0161ias nes\u0105mones \u2013 neva visi\u0161kai u\u017eims&hellip;\n","protected":false},"author":2,"featured_media":216588,"comment_status":"","ping_status":"","sticky":false,"template":"","format":"standard","meta":{"footnotes":"","_share_on_mastodon":"0"},"categories":[15],"tags":[25,30,31,9110,9603,22546,34,35,24,121,32,33,37,39,36,38,40,23,22,44,28,29,119,26,27,360,971,74,75,76],"class_list":["post-216587","post","type-post","status-publish","format-standard","has-post-thumbnail","category-pasaulis","tag-antrastes","tag-breaking-news","tag-breakingnews","tag-donbasas","tag-doneckas","tag-donecko-sritis","tag-featured-news","tag-featurednews","tag-headlines","tag-karas-ukrainoje","tag-latest-news","tag-latestnews","tag-lietuva","tag-lietuviu","tag-lithuania","tag-lithuanian","tag-lt","tag-naujienos","tag-news","tag-pasaulis","tag-populiariausios-naujienos","tag-populiariausiosnaujienos","tag-rusija","tag-top-stories","tag-topstories","tag-ukraina","tag-volodymyras-zelenskis","tag-world","tag-world-news","tag-worldnews"],"share_on_mastodon":{"url":"https:\/\/pubeurope.com\/@lt\/116837210552189796","error":""},"_links":{"self":[{"href":"https:\/\/www.europesays.com\/lt\/wp-json\/wp\/v2\/posts\/216587","targetHints":{"allow":["GET"]}}],"collection":[{"href":"https:\/\/www.europesays.com\/lt\/wp-json\/wp\/v2\/posts"}],"about":[{"href":"https:\/\/www.europesays.com\/lt\/wp-json\/wp\/v2\/types\/post"}],"author":[{"embeddable":true,"href":"https:\/\/www.europesays.com\/lt\/wp-json\/wp\/v2\/users\/2"}],"replies":[{"embeddable":true,"href":"https:\/\/www.europesays.com\/lt\/wp-json\/wp\/v2\/comments?post=216587"}],"version-history":[{"count":0,"href":"https:\/\/www.europesays.com\/lt\/wp-json\/wp\/v2\/posts\/216587\/revisions"}],"wp:featuredmedia":[{"embeddable":true,"href":"https:\/\/www.europesays.com\/lt\/wp-json\/wp\/v2\/media\/216588"}],"wp:attachment":[{"href":"https:\/\/www.europesays.com\/lt\/wp-json\/wp\/v2\/media?parent=216587"}],"wp:term":[{"taxonomy":"category","embeddable":true,"href":"https:\/\/www.europesays.com\/lt\/wp-json\/wp\/v2\/categories?post=216587"},{"taxonomy":"post_tag","embeddable":true,"href":"https:\/\/www.europesays.com\/lt\/wp-json\/wp\/v2\/tags?post=216587"}],"curies":[{"name":"wp","href":"https:\/\/api.w.org\/{rel}","templated":true}]}}