{"id":217326,"date":"2026-06-30T18:07:48","date_gmt":"2026-06-30T18:07:48","guid":{"rendered":"https:\/\/www.europesays.com\/lt\/217326\/"},"modified":"2026-06-30T18:07:48","modified_gmt":"2026-06-30T18:07:48","slug":"sostines-keleiviu-demesiui-keiciasi-dalies-viesojo-transporto-marsrutai-ir-trasos","status":"publish","type":"post","link":"https:\/\/www.europesays.com\/lt\/217326\/","title":{"rendered":"Sostin\u0117s keleivi\u0173 d\u0117mesiui: kei\u010diasi dalies vie\u0161ojo transporto mar\u0161rutai ir trasos"},"content":{"rendered":"<p class=\"wp-block-paragraph\">Vilniaus miesto <a style=\"font-weight:bold;\" href=\"https:\/\/madeinvilnius.lt\/tema\/vilniaus-viesasis-transportas\/\" target=\"_blank\" rel=\"nofollow noopener\">vie\u0161ojo transporto<\/a> keleivi\u0173 laukia svarb\u016bs poky\u010diai. JUDU prane\u0161a, kad nuo bir\u017eelio 29 dienos atnaujinti keli\u0173 mar\u0161rut\u0173 autobus\u0173 tvarkara\u0161\u010diai, o vieno i\u0161 j\u0173 laukia ir trasos korekcijos.<\/p>\n<p class=\"wp-block-paragraph\">Siekiant u\u017etikrinti sklandesnes keliones, greitojo 5G mar\u0161ruto autobusas gr\u012f\u017eta prie \u012fprastos tvarkos ir keleivius v\u0117l laipins \u201eVaik\u0173 kaimo\u201c stotel\u0117je. Atitinkamai yra atsisakoma laikinojo sustojimo Siesik\u0173 stotel\u0117je.<\/p>\n<p class=\"wp-block-paragraph\">Teigiami poky\u010diai numatyti ir keliaujantiems 89 autobusu. Nuo \u0161iol \u0161is mar\u0161rutas kursuos da\u017eniau ir leis kur kas grei\u010diau pasiekti kelion\u0117s tiksl\u0105.<\/p>\n<p class=\"wp-block-paragraph\">Tuo tarpu 33 mar\u0161ruto autobuso keleiviams eismo organizatoriai pataria atid\u017eiau sekti informacij\u0105, nes i\u0161 esm\u0117s kei\u010diasi jud\u0117jimo trasa. \u0160io mar\u0161ruto transporto priemon\u0117s nuo \u0161iol nebeu\u017esuks \u012f Suba\u010diaus ir Ras\u0173 gatves.<\/p>\n<p class=\"wp-block-paragraph\">\u201eNuo bir\u017eelio 29 dienos atnaujinome keli\u0173 mar\u0161rut\u0173 autobus\u0173 tvarkara\u0161\u010dius ir trasas. Patogesn\u0117ms kelion\u0117ms 5G mar\u0161ruto greitasis autobusas v\u0117l stos Vaik\u0173 kaimas stotel\u0117je, vietoje laikinosios Siesik\u0173 stotel\u0117s, 89 mar\u0161ruto autobusas kursuos da\u017eniau. Taip pat kei\u010diasi 33 mar\u0161ruto autobuso trasa \u2013 nebeva\u017eiuos Suba\u010diaus ir Ras\u0173 gatv\u0117mis. Prie\u0161 planuodami kelion\u0119 kvie\u010diame pasitikrinti atnaujintus tvarkara\u0161\u010dius\u201c, \u2013 skelbia savivaldyb\u0117s \u012fmon\u0117 \u201eJudu\u201c.<\/p>\n<p>Kei\u010diasi \u0161i\u0173 mar\u0161rut\u0173 tvarkara\u0161tis<\/p>\n","protected":false},"excerpt":{"rendered":"Vilniaus miesto vie\u0161ojo transporto keleivi\u0173 laukia svarb\u016bs poky\u010diai. JUDU prane\u0161a, kad nuo bir\u017eelio 29 dienos atnaujinti keli\u0173 mar\u0161rut\u0173&hellip;\n","protected":false},"author":2,"featured_media":217327,"comment_status":"","ping_status":"","sticky":false,"template":"","format":"standard","meta":{"footnotes":"","_share_on_mastodon":"0"},"categories":[13],"tags":[25,5626,30,31,34,35,24,32,33,37,39,36,38,40,65,23,22,28,29,26,27,5627],"class_list":["post-217326","post","type-post","status-publish","format-standard","has-post-thumbnail","category-lietuva","tag-antrastes","tag-autobusai","tag-breaking-news","tag-breakingnews","tag-featured-news","tag-featurednews","tag-headlines","tag-latest-news","tag-latestnews","tag-lietuva","tag-lietuviu","tag-lithuania","tag-lithuanian","tag-lt","tag-naujiena","tag-naujienos","tag-news","tag-populiariausios-naujienos","tag-populiariausiosnaujienos","tag-top-stories","tag-topstories","tag-vilniaus-viesasis-transportas"],"share_on_mastodon":{"url":"https:\/\/pubeurope.com\/@lt\/116840395401315473","error":""},"_links":{"self":[{"href":"https:\/\/www.europesays.com\/lt\/wp-json\/wp\/v2\/posts\/217326","targetHints":{"allow":["GET"]}}],"collection":[{"href":"https:\/\/www.europesays.com\/lt\/wp-json\/wp\/v2\/posts"}],"about":[{"href":"https:\/\/www.europesays.com\/lt\/wp-json\/wp\/v2\/types\/post"}],"author":[{"embeddable":true,"href":"https:\/\/www.europesays.com\/lt\/wp-json\/wp\/v2\/users\/2"}],"replies":[{"embeddable":true,"href":"https:\/\/www.europesays.com\/lt\/wp-json\/wp\/v2\/comments?post=217326"}],"version-history":[{"count":0,"href":"https:\/\/www.europesays.com\/lt\/wp-json\/wp\/v2\/posts\/217326\/revisions"}],"wp:featuredmedia":[{"embeddable":true,"href":"https:\/\/www.europesays.com\/lt\/wp-json\/wp\/v2\/media\/217327"}],"wp:attachment":[{"href":"https:\/\/www.europesays.com\/lt\/wp-json\/wp\/v2\/media?parent=217326"}],"wp:term":[{"taxonomy":"category","embeddable":true,"href":"https:\/\/www.europesays.com\/lt\/wp-json\/wp\/v2\/categories?post=217326"},{"taxonomy":"post_tag","embeddable":true,"href":"https:\/\/www.europesays.com\/lt\/wp-json\/wp\/v2\/tags?post=217326"}],"curies":[{"name":"wp","href":"https:\/\/api.w.org\/{rel}","templated":true}]}}