{"id":217397,"date":"2026-06-30T19:59:17","date_gmt":"2026-06-30T19:59:17","guid":{"rendered":"https:\/\/www.europesays.com\/lt\/217397\/"},"modified":"2026-06-30T19:59:17","modified_gmt":"2026-06-30T19:59:17","slug":"nuo-liepos-nauji-registru-centro-paslaugu-ikainiai","status":"publish","type":"post","link":"https:\/\/www.europesays.com\/lt\/217397\/","title":{"rendered":"Nuo liepos \u2013 nauji Registr\u0173 centro paslaug\u0173 \u012fkainiai"},"content":{"rendered":"<p>Nauji Mi\u0161k\u0173 valstyb\u0117s kadastro objekt\u0173 registravimo ir \u0161io kadastro duomen\u0173 teikimo atlyginimo dyd\u017eiai patvirtinti aplinkos ministro \u012fsakymu.<\/p>\n<p>Dalies Mi\u0161k\u0173 valstyb\u0117s kadastro paslaug\u0173 \u012fkainiai ma\u017e\u0117ja. Pavyzd\u017eiui, atpinga kadastro tekstini\u0173 duomen\u0173 i\u0161ra\u0161as ar kadastro \u017eem\u0117lapio i\u0161trauka pagal duomen\u0173 gav\u0117jo pateikt\u0105 pra\u0161ym\u0105, taip pat ma\u017eiau kainuos pagal kadastro duomenis parengta pa\u017eyma apie medyn\u0173 vidutin\u0119 rinkos vert\u0119.<\/p>\n<p>Ministro \u012fsakymu buvo \u012ftvirtinti ir kai kuri\u0173 paslaug\u0173, kurios iki tol buvo teikiamos neatlygintinai, \u012fkainiai. <\/p>\n<p>Nuo \u0161iol bus taikomas mokestis u\u017e Mi\u0161k\u0173 valstyb\u0117s kadastro duomen\u0173 \u012fregistravim\u0105, i\u0161registravim\u0105 ir keitim\u0105. Tokiu b\u016bdu tikimasi padengti kadastr\u0105 tvarkan\u010dio Registr\u0173 centro s\u0105naudas, kadangi iki tol \u0161ios paslaugos buvo teikiamos neatlygintinai.<\/p>\n<p>         <img decoding=\"async\" src=\"https:\/\/www.europesays.com\/lt\/wp-content\/uploads\/2026\/06\/38993b01-ce2f-4dc3-90d4-36d158550427.jpg\" loading=\"lazy\" alt=\"Mi\u0161kai\"\/>      <\/p>\n<p>Pagrindinius nacionalinius duomenis tvarkantis Registr\u0173 centras Mi\u0161k\u0173 valstyb\u0117s kadastro tvarkytoju yra nuo 2024 met\u0173 prad\u017eios.<\/p>\n<p>    <img decoding=\"async\" src=\"https:\/\/www.europesays.com\/lt\/wp-content\/uploads\/2026\/06\/77384d77-7845-4a2d-b5c3-4b3ac277440e.jpg\" loading=\"lazy\" alt=\"Registr\u0173 centre \u012fsigalios nauji Mi\u0161k\u0173 valstyb\u0117s kadastro paslaug\u0173 \u012fkainiai\"\/>      <\/p>\n<p>Teis\u0117s aktai nustato, kad Mi\u0161k\u0173 valstyb\u0117s kadastrui duomenis gali teikti mi\u0161ko valdytojai (savininkai), valstybin\u0117s sklypin\u0117s mi\u0161k\u0173 inventorizacijos vykdytojai, vidin\u0117s mi\u0161kotvarkos projekt\u0173 reng\u0117jai, mi\u0161ko \u017eem\u0117s pavertim\u0105 kitomis naudmenomis (i\u0161imtiniai atvejai numatyti Mi\u0161k\u0173 \u012fstatyme) inicijav\u0119 ar organizav\u0119 asmenys, Aplinkos apsaugos departamento ir Valstybin\u0117s mi\u0161k\u0173 tarnybos specialistai. Kol nebus parengti nauji technologiniai sprendimai, duomen\u0173 teikimas \u012f kadastr\u0105 vyks \u012fprasta tvarka.<\/p>\n<p>Lietuvos Respublikos mi\u0161k\u0173 valstyb\u0117s kadastras \u2013 tai specializuotas valstyb\u0117s kadastras, skirtas valstyb\u0117je esan\u010diai mi\u0161ko \u017eemei apskaityti ir duomenims apie mi\u0161kus tvarkyti. <\/p>\n<p>Mi\u0161k\u0173 kadastras apima visum\u0105 duomen\u0173 apie Lietuvos mi\u0161kus, j\u0173 nuosavyb\u0119, mi\u0161ko i\u0161tekli\u0173 kiek\u012f bei kokyb\u0119 ir ekonomin\u0119 vert\u0119. Kadastras \u012fsteigtas 2003 metais, jo valdytojas yra Aplinkos ministerija.<\/p>\n","protected":false},"excerpt":{"rendered":"Nauji Mi\u0161k\u0173 valstyb\u0117s kadastro objekt\u0173 registravimo ir \u0161io kadastro duomen\u0173 teikimo atlyginimo dyd\u017eiai patvirtinti aplinkos ministro \u012fsakymu. Dalies&hellip;\n","protected":false},"author":2,"featured_media":217398,"comment_status":"","ping_status":"","sticky":false,"template":"","format":"standard","meta":{"footnotes":"","_share_on_mastodon":"0"},"categories":[19],"tags":[3779,37,39,36,38,40,9466,821,47,104],"class_list":["post-217397","post","type-post","status-publish","format-standard","has-post-thumbnail","category-sportas","tag-aplinkos-ministerija","tag-lietuva","tag-lietuviu","tag-lithuania","tag-lithuanian","tag-lt","tag-miskai","tag-registru-centras","tag-sportas","tag-sports"],"share_on_mastodon":{"url":"https:\/\/pubeurope.com\/@lt\/116840835734409426","error":""},"_links":{"self":[{"href":"https:\/\/www.europesays.com\/lt\/wp-json\/wp\/v2\/posts\/217397","targetHints":{"allow":["GET"]}}],"collection":[{"href":"https:\/\/www.europesays.com\/lt\/wp-json\/wp\/v2\/posts"}],"about":[{"href":"https:\/\/www.europesays.com\/lt\/wp-json\/wp\/v2\/types\/post"}],"author":[{"embeddable":true,"href":"https:\/\/www.europesays.com\/lt\/wp-json\/wp\/v2\/users\/2"}],"replies":[{"embeddable":true,"href":"https:\/\/www.europesays.com\/lt\/wp-json\/wp\/v2\/comments?post=217397"}],"version-history":[{"count":0,"href":"https:\/\/www.europesays.com\/lt\/wp-json\/wp\/v2\/posts\/217397\/revisions"}],"wp:featuredmedia":[{"embeddable":true,"href":"https:\/\/www.europesays.com\/lt\/wp-json\/wp\/v2\/media\/217398"}],"wp:attachment":[{"href":"https:\/\/www.europesays.com\/lt\/wp-json\/wp\/v2\/media?parent=217397"}],"wp:term":[{"taxonomy":"category","embeddable":true,"href":"https:\/\/www.europesays.com\/lt\/wp-json\/wp\/v2\/categories?post=217397"},{"taxonomy":"post_tag","embeddable":true,"href":"https:\/\/www.europesays.com\/lt\/wp-json\/wp\/v2\/tags?post=217397"}],"curies":[{"name":"wp","href":"https:\/\/api.w.org\/{rel}","templated":true}]}}