{"id":218196,"date":"2026-07-01T16:36:11","date_gmt":"2026-07-01T16:36:11","guid":{"rendered":"https:\/\/www.europesays.com\/lt\/218196\/"},"modified":"2026-07-01T16:36:11","modified_gmt":"2026-07-01T16:36:11","slug":"uzbaigtas-verslo-centro-savarzele-papildomas-5-mln-euru-vertes-obligaciju-platinimas","status":"publish","type":"post","link":"https:\/\/www.europesays.com\/lt\/218196\/","title":{"rendered":"U\u017ebaigtas verslo centro \u201eS\u0105var\u017e\u0117l\u0117\u201c papildomas 5 mln. eur\u0173 vert\u0117s obligacij\u0173 platinimas"},"content":{"rendered":"<p>Skelbiama, kad vie\u0161as si\u016blymas buvo planuotas bir\u017eelio 30 d.\u2013liepos 3 d., ta\u010diau investuotoj\u0173 paklausai pasiekus pasi\u016blyt\u0105 apimt\u012f, buvo baigtas anks\u010diau.<\/p>\n<p>Papildomame obligacij\u0173 platinimo etape bendrov\u0117 siek\u0117 pritraukti 5 mln. eur\u0173 nominalia verte. Kaip nurodo bendrov\u0117, l\u0117\u0161os bus skirtos jau veikian\u010dio verslo centro \u201eS\u0105var\u017e\u0117l\u0117\u201c nuominink\u0173 patalp\u0173 \u012frengimui ir galutiniams atsiskaitymams su rangovais.<\/p>\n<p>\u201e\u0160io etapo metu pritrauktos l\u0117\u0161os prisid\u0117s prie tolesnio projekto \u012fgyvendinimo ir suplanuot\u0173 investicij\u0173 realizavimo\u201c, \u2013 prane\u0161ime cituojamas \u201eLords LB Asset Management\u201c valdybos narys Marius \u017demaitis.<\/p>\n<p>Obligacijos buvo vie\u0161ai platinamos ma\u017emeniniams ir instituciniams investuotojams Lietuvoje, Latvijoje ir Estijoje.<\/p>\n<p>Vienos obligacijos nominali vert\u0117 siekia 100 eur\u0173, o sukauptos pal\u016bkanos bus i\u0161mokamos i\u0161pirkimo dien\u0105, taikant fiksuot\u0105 8 proc. metin\u0119 pal\u016bkan\u0173 norm\u0105. Obligacij\u0173 platinim\u0105 organizavo \u201eArtea\u201c.<\/p>\n<p>Kaip skelbta, \u201eLords LB Asset Management\u201c apie verslo centro \u201eS\u0105var\u017e\u0117l\u0117\u201c Vilniuje statyb\u0173 pabaig\u0105 prane\u0161\u0117 \u0161i\u0173 met\u0173 baland\u017eio pabaigoje.<\/p>\n","protected":false},"excerpt":{"rendered":"Skelbiama, kad vie\u0161as si\u016blymas buvo planuotas bir\u017eelio 30 d.\u2013liepos 3 d., ta\u010diau investuotoj\u0173 paklausai pasiekus pasi\u016blyt\u0105 apimt\u012f, buvo&hellip;\n","protected":false},"author":2,"featured_media":218197,"comment_status":"","ping_status":"","sticky":false,"template":"","format":"standard","meta":{"footnotes":"","_share_on_mastodon":"0"},"categories":[17],"tags":[81,37,39,36,38,17776,40,2512,46,6987,626],"class_list":["post-218196","post","type-post","status-publish","format-standard","has-post-thumbnail","category-verslas","tag-business","tag-lietuva","tag-lietuviu","tag-lithuania","tag-lithuanian","tag-lords-lb-asset-management","tag-lt","tag-obligacijos","tag-verslas","tag-verslo-centras","tag-vilnius"],"share_on_mastodon":{"url":"https:\/\/pubeurope.com\/@lt\/116845699924883488","error":""},"_links":{"self":[{"href":"https:\/\/www.europesays.com\/lt\/wp-json\/wp\/v2\/posts\/218196","targetHints":{"allow":["GET"]}}],"collection":[{"href":"https:\/\/www.europesays.com\/lt\/wp-json\/wp\/v2\/posts"}],"about":[{"href":"https:\/\/www.europesays.com\/lt\/wp-json\/wp\/v2\/types\/post"}],"author":[{"embeddable":true,"href":"https:\/\/www.europesays.com\/lt\/wp-json\/wp\/v2\/users\/2"}],"replies":[{"embeddable":true,"href":"https:\/\/www.europesays.com\/lt\/wp-json\/wp\/v2\/comments?post=218196"}],"version-history":[{"count":0,"href":"https:\/\/www.europesays.com\/lt\/wp-json\/wp\/v2\/posts\/218196\/revisions"}],"wp:featuredmedia":[{"embeddable":true,"href":"https:\/\/www.europesays.com\/lt\/wp-json\/wp\/v2\/media\/218197"}],"wp:attachment":[{"href":"https:\/\/www.europesays.com\/lt\/wp-json\/wp\/v2\/media?parent=218196"}],"wp:term":[{"taxonomy":"category","embeddable":true,"href":"https:\/\/www.europesays.com\/lt\/wp-json\/wp\/v2\/categories?post=218196"},{"taxonomy":"post_tag","embeddable":true,"href":"https:\/\/www.europesays.com\/lt\/wp-json\/wp\/v2\/tags?post=218196"}],"curies":[{"name":"wp","href":"https:\/\/api.w.org\/{rel}","templated":true}]}}