{"id":218233,"date":"2026-07-01T17:28:35","date_gmt":"2026-07-01T17:28:35","guid":{"rendered":"https:\/\/www.europesays.com\/lt\/218233\/"},"modified":"2026-07-01T17:28:35","modified_gmt":"2026-07-01T17:28:35","slug":"kinijoje-isigaliojo-pasaulio-kritikuojamas-etnines-vienybes-istatymas-respublika-lt","status":"publish","type":"post","link":"https:\/\/www.europesays.com\/lt\/218233\/","title":{"rendered":"Kinijoje \u012fsigaliojo pasaulio kritikuojamas \u201eetnin\u0117s vienyb\u0117s\u201c \u012fstatymas &#8211; Respublika.lt"},"content":{"rendered":"<p><img loading=\"lazy\" decoding=\"async\" src=\"https:\/\/www.respublika.lt\/lt\/naujienos\/pasaulis\/pasaulio_politika\/kinijoje-isigaliojo-pasaulio-kritikuojamas-etnines-vienybes-istatymas\/images\/ico_camera_white.gif\" class=\"camera\" width=\"22\" height=\"15\" alt=\"nuotr.\" style=\"position:relative; top:-2px; right:2px;\"\/> 1 nuotr.<\/p>\n<p>Asociatyvi Pexels.com nuotr.<\/p>\n<p style=\"text-align: justify;\" class=\"desktop_banner\">\u00a0<\/p>\n<p>Siekdama suformuoti bendr\u0105 nacionalin\u012f identitet\u0105 tarp \u0161alies etnini\u0173 ma\u017eum\u0173, Kinija pri\u0117m\u0117 etnin\u0117s vienyb\u0117s \u012fstatym\u0105.<\/p>\n<p>Net ir u\u017e \u0161alies rib\u0173 Kinija turi teis\u0119 taikyti priemones prie\u0161 nauj\u0105j\u012f \u012fstatym\u0105 d\u0117l etnin\u0117s vienyb\u0117s pa\u017eeid\u017eian\u010dius asmenis, pabr\u0117\u017e\u0117 teisingumo viceministras Hu Veili (Hu Weili). Pasak jo, tai atitinka tarptautin\u0119 praktik\u0105 ir yra teis\u0117ta, prane\u0161a \u201eReuters&#8221;.<\/p>\n<p>Naujasis \u012fstatymas \u012fsigalios liepos 1 d. Jame numatomos nuostatos, remiantis kuriomis asmenys ir grup\u0117s u\u017e Kinijos rib\u0173 gali b\u016bti traukiamos atsakomyb\u0117n u\u017e veiksmus, galin\u010dius pakenkti etninei vienybei ir pa\u017eangai arba d\u0117l etninio separatizmo kurstymo.<\/p>\n<p>Naujasis teis\u0117s aktas privert\u0117 susir\u016bpinti Taivan\u0105. Taip\u0117jus baiminasi, jog toks \u012fstatymas gali suteikti Pekinui dar vien\u0105 teisin\u012f pagrind\u0105 taivanie\u010di\u0173, kuriuos Kinija laiko separatistais, persekiojimui.<\/p>\n<p>\u017dmogaus teisi\u0173 grup\u0117s skund\u0117si, kad Pekinas m\u0117gino pasinaudoti pra\u0161ymais Interpolui, taip siekdamas paskatinti u\u017esienio \u0161ali\u0173 vyriausybes sulaikyti \u017emones, kuri\u0173 Kinija ie\u0161ko d\u0117l politini\u0173 nusikaltim\u0173.<\/p>\n<p>Buv\u0119s Kinijos prezidentas Hu Dzintao (Hu Jintao) tvirtina, kad kai kurios Vakar\u0173 \u017einiasklaidos priemon\u0117s, kuri\u0173 jis ne\u012fvardijo, i\u0161kraip\u0117 ir klaidingai interpretavo nuostatas d\u0117l \u012fstatymo taikymo.<\/p>\n<p>\u201eNorma pagr\u012fsta Kinijos nacionalin\u0117mis s\u0105lygomis ir atitinka tarptautin\u0119 praktik\u0105. Tai &#8211; teis\u0117ta, b\u016btina ir \u012fmanoma teisin\u0117 norma, &#8211; teig\u0117 jis &#8211; Visos pasaulio \u0161alys turi teis\u0119 u\u017ekirsti keli\u0105 separatistinei ir destruktyviai veiklai, bei palaikyti socialin\u012f solidarum\u0105 ir normali\u0105 tvark\u0105.<\/p>\n<p>Nuostata d\u0117l \u012fstatymo taikymo u\u017esienyje yra nukreipta prie\u0161 neteis\u0117tus veiksmus ir naudojama teis\u0117s vir\u0161enyb\u0117s tvarka, siekiant apsisaugoti nuo \u012fvairi\u0173, su etniniais klausimais susijusi\u0173, neteis\u0117t\u0173 veiksm\u0173.&#8221;<\/p>\n<p>Pasak jo, \u012fstatymo taikymas u\u017esienyje apsaugos Kinijos suverenum\u0105, saugum\u0105 bei vystymosi interesus, taip pat vis\u0173 etnini\u0173 grupi\u0173 atstov\u0173 teises ir interesus.<\/p>\n<p>\u201eTai netur\u0117s \u012ftakos \u012fprastiems tarpasmeniniams Kinijos ir kit\u0173 \u0161ali\u0173 ry\u0161iams, mokslin\u0117ms diskusijoms, ekonominiam bei prekybiniam bendradarbiavimui ar kitai veiklai&#8221;, &#8211; pabr\u0117\u017e\u0117 Kinijos atstovas.<\/p>\n<p>Kinija kov\u0105 pri\u0117m\u0117 \u012fstatym\u0105 d\u0117l etnin\u0117s vienyb\u0117s. Kai kurios etnin\u0117s ma\u017eumos n\u0117ra patenkintos Pekino valdymu ir ne kart\u0105 d\u0117l to reng\u0117 protestus. Iniciatyvos kritikai i\u0161 karto persp\u0117jo, kad \u012fstatymas padidins spaudim\u0105 etnin\u0117ms ma\u017eumoms.<\/p>\n<p>Kinijos prezidentas Si Dzinpingas (Xi Jinping) daug d\u0117mesio skiria nerami\u0173 pasienio region\u0173 integracijai.<\/p>\n<p>Nuo 2012 m., kai at\u0117jo \u012f vald\u017ei\u0105, Si Dzinpingas sustiprino etnini\u0173 ma\u017eum\u0173, \u012fskaitant Sindziang\u0105, Tibet\u0105 ir Vidin\u0119 Mongolij\u0105, kontrol\u0119.<\/p>\n<p>Milijonai uig\u016br\u0173 Sindziange pateko \u012f intensyvi\u0105 valstyb\u0117s prie\u017ei\u016br\u0105 ir dalyvavo darbo programose, kurias Vakar\u0173 kritikai apib\u016bdino kaip priverstin\u012f darb\u0105.<\/p>\n<p>Pati Kinijos vyriausyb\u0117 bet kokius \u017emogaus teisi\u0173 pa\u017eeidimus neigia ir \u0161iuos kaltinimus vadina melagingais.<\/p>\n","protected":false},"excerpt":{"rendered":"1 nuotr. Asociatyvi Pexels.com nuotr. \u00a0 Siekdama suformuoti bendr\u0105 nacionalin\u012f identitet\u0105 tarp \u0161alies etnini\u0173 ma\u017eum\u0173, Kinija pri\u0117m\u0117 etnin\u0117s&hellip;\n","protected":false},"author":2,"featured_media":218234,"comment_status":"","ping_status":"","sticky":false,"template":"","format":"standard","meta":{"footnotes":"","_share_on_mastodon":"0"},"categories":[15],"tags":[25,30,31,32982,34,35,24,133,479,32,33,37,39,36,38,40,1756,23,22,44,28,29,1295,26,27,32983,74,75,76],"class_list":["post-218233","post","type-post","status-publish","format-standard","has-post-thumbnail","category-pasaulis","tag-antrastes","tag-breaking-news","tag-breakingnews","tag-etnines","tag-featured-news","tag-featurednews","tag-headlines","tag-istatymas","tag-kinija","tag-latest-news","tag-latestnews","tag-lietuva","tag-lietuviu","tag-lithuania","tag-lithuanian","tag-lt","tag-mazumos","tag-naujienos","tag-news","tag-pasaulis","tag-populiariausios-naujienos","tag-populiariausiosnaujienos","tag-taivanas","tag-top-stories","tag-topstories","tag-weili","tag-world","tag-world-news","tag-worldnews"],"share_on_mastodon":{"url":"https:\/\/pubeurope.com\/@lt\/116845904262509515","error":""},"_links":{"self":[{"href":"https:\/\/www.europesays.com\/lt\/wp-json\/wp\/v2\/posts\/218233","targetHints":{"allow":["GET"]}}],"collection":[{"href":"https:\/\/www.europesays.com\/lt\/wp-json\/wp\/v2\/posts"}],"about":[{"href":"https:\/\/www.europesays.com\/lt\/wp-json\/wp\/v2\/types\/post"}],"author":[{"embeddable":true,"href":"https:\/\/www.europesays.com\/lt\/wp-json\/wp\/v2\/users\/2"}],"replies":[{"embeddable":true,"href":"https:\/\/www.europesays.com\/lt\/wp-json\/wp\/v2\/comments?post=218233"}],"version-history":[{"count":0,"href":"https:\/\/www.europesays.com\/lt\/wp-json\/wp\/v2\/posts\/218233\/revisions"}],"wp:featuredmedia":[{"embeddable":true,"href":"https:\/\/www.europesays.com\/lt\/wp-json\/wp\/v2\/media\/218234"}],"wp:attachment":[{"href":"https:\/\/www.europesays.com\/lt\/wp-json\/wp\/v2\/media?parent=218233"}],"wp:term":[{"taxonomy":"category","embeddable":true,"href":"https:\/\/www.europesays.com\/lt\/wp-json\/wp\/v2\/categories?post=218233"},{"taxonomy":"post_tag","embeddable":true,"href":"https:\/\/www.europesays.com\/lt\/wp-json\/wp\/v2\/tags?post=218233"}],"curies":[{"name":"wp","href":"https:\/\/api.w.org\/{rel}","templated":true}]}}