{"id":218480,"date":"2026-07-02T01:38:57","date_gmt":"2026-07-02T01:38:57","guid":{"rendered":"https:\/\/www.europesays.com\/lt\/218480\/"},"modified":"2026-07-02T01:38:57","modified_gmt":"2026-07-02T01:38:57","slug":"omanas-pateike-jav-pasiulyma-del-hormuzo-sasiaurio-ateities","status":"publish","type":"post","link":"https:\/\/www.europesays.com\/lt\/218480\/","title":{"rendered":"Omanas pateik\u0117 JAV pasi\u016blym\u0105 d\u0117l Hormuzo s\u0105siaurio ateities"},"content":{"rendered":"<p>Pasak regiono diplomato, dar nebaigtame rengti pasi\u016blyme numatyta, kad laivybos bendrov\u0117s u\u017e naudojim\u0105si s\u0105siauriu mok\u0117t\u0173 paslaug\u0173 mokest\u012f, ta\u010diau jis neb\u016bt\u0173 vadinamas rinkliava. Diplomatas nepatikslino, kuo toks paslaug\u0173 mokestis skirt\u0173si nuo \u012fprastos rinkliavos.<\/p>\n<p>Jis prid\u016br\u0117, kad d\u0117l pasi\u016blymo vis dar esama reik\u0161ming\u0173 nesutarim\u0173, tod\u0117l tikimasi, jog tai bus viena i\u0161 \u0161i\u0105 savait\u0119 Dohoje vyksian\u010di\u0173 deryb\u0173 tem\u0173.<\/p>\n<p>Kitas \u0161altinis teig\u0117, kad <a rel=\"noopener nofollow\" target=\"_blank\" href=\"https:\/\/www.delfi.lt\/temos\/omanas\/\" tag-id=\"21801787\">Omanas<\/a> nesiekia \u012fvesti mokes\u010di\u0173 sistemos <a rel=\"noopener nofollow\" target=\"_blank\" href=\"https:\/\/www.delfi.lt\/temos\/hormuzo-sasiauris\/\" tag-id=\"78505561\">Hormuzo s\u0105siauryje<\/a>. JAV \u0161altinio teigimu, amerikie\u010di\u0173 derybininkai turi abejoni\u0173 d\u0117l pasi\u016blymo ir ketina jas aptarti su Omano atstovais. Vis d\u0117lto jis pabr\u0117\u017e\u0117, kad Omanas laikosi pozicijos, jog s\u0105siauryje neturi b\u016bti taikomos rinkliavos, o pasi\u016blyme n\u0117ra numatyta privalom\u0173 mokes\u010di\u0173.<\/p>\n<p>Balt\u0173j\u0173 r\u016bm\u0173 atstov\u0117 Anna Kelly CNN sak\u0117: \u201ePrezidentas Trumpas ai\u0161kiai pasak\u0117, kad Iranas negali rinkti mokes\u010di\u0173 u\u017e naudojim\u0105si s\u0105siauriu, nes tai yra tarptautinis vandens kelias.\u201c<\/p>\n<p>Pasak Balt\u0173j\u0173 r\u016bm\u0173 pareig\u016bno, JAV specialusis pasiuntinys Steve&#8217;as Witkoffas ir JAV prezidento \u017eentas Jaredas Kushneris antradien\u012f Dohoje susitiko su Kataro ministru pirmininku \u0161eichu Mohammedu bin Abdulrahmanu bin Jassimu Al Thani ir kitais tarpininkais.<\/p>\n<p>Tas pats pareig\u016bnas prid\u016br\u0117, kad tre\u010diadien\u012f JAV ir Irano delegacijos atskirai dalyvaus technin\u0117se derybose, kuriose tarpininkaus Kataras ir Pakistanas.<\/p>\n<p>Anks\u010diau paskelbtame paliaub\u0173 susitarime numatyta, kad <a rel=\"noopener nofollow\" target=\"_blank\" href=\"https:\/\/www.delfi.lt\/temos\/iranas\/\" tag-id=\"51347403\">Iranas<\/a>, d\u0117damas visas \u012fmanomas pastangas, u\u017etikrins saug\u0173 komercini\u0173 laiv\u0173 jud\u0117jim\u0105 Hormuzo s\u0105siauriu, kuriuo gabenama ma\u017edaug penktadalis pasaulio naftos ir suskystint\u0173j\u0173 gamtini\u0173 duj\u0173 tiekimo.<\/p>\n<p>Viename susitarimo punkte taip pat teigiama, kad Iranas ir Omanas dirbs kartu, siekdami nustatyti b\u016bsim\u0105 Hormuzo s\u0105siaurio valdymo tvark\u0105, fakti\u0161kai suteikdami Teheranui oficial\u0173 vaidmen\u012f administruojant \u0161\u012f strategi\u0161kai svarb\u0173 vandens keli\u0105.<\/p>\n","protected":false},"excerpt":{"rendered":"Pasak regiono diplomato, dar nebaigtame rengti pasi\u016blyme numatyta, kad laivybos bendrov\u0117s u\u017e naudojim\u0105si s\u0105siauriu mok\u0117t\u0173 paslaug\u0173 mokest\u012f, ta\u010diau&hellip;\n","protected":false},"author":2,"featured_media":218481,"comment_status":"","ping_status":"","sticky":false,"template":"","format":"standard","meta":{"footnotes":"","_share_on_mastodon":"0"},"categories":[15],"tags":[25,30,31,34,35,24,19418,79,32,33,37,39,36,38,40,23,22,13181,44,28,29,26,27,74,75,76],"class_list":["post-218480","post","type-post","status-publish","format-standard","has-post-thumbnail","category-pasaulis","tag-antrastes","tag-breaking-news","tag-breakingnews","tag-featured-news","tag-featurednews","tag-headlines","tag-hormuzo-sasiauris","tag-iranas","tag-latest-news","tag-latestnews","tag-lietuva","tag-lietuviu","tag-lithuania","tag-lithuanian","tag-lt","tag-naujienos","tag-news","tag-omanas","tag-pasaulis","tag-populiariausios-naujienos","tag-populiariausiosnaujienos","tag-top-stories","tag-topstories","tag-world","tag-world-news","tag-worldnews"],"share_on_mastodon":{"url":"https:\/\/pubeurope.com\/@lt\/116847834793028255","error":""},"_links":{"self":[{"href":"https:\/\/www.europesays.com\/lt\/wp-json\/wp\/v2\/posts\/218480","targetHints":{"allow":["GET"]}}],"collection":[{"href":"https:\/\/www.europesays.com\/lt\/wp-json\/wp\/v2\/posts"}],"about":[{"href":"https:\/\/www.europesays.com\/lt\/wp-json\/wp\/v2\/types\/post"}],"author":[{"embeddable":true,"href":"https:\/\/www.europesays.com\/lt\/wp-json\/wp\/v2\/users\/2"}],"replies":[{"embeddable":true,"href":"https:\/\/www.europesays.com\/lt\/wp-json\/wp\/v2\/comments?post=218480"}],"version-history":[{"count":0,"href":"https:\/\/www.europesays.com\/lt\/wp-json\/wp\/v2\/posts\/218480\/revisions"}],"wp:featuredmedia":[{"embeddable":true,"href":"https:\/\/www.europesays.com\/lt\/wp-json\/wp\/v2\/media\/218481"}],"wp:attachment":[{"href":"https:\/\/www.europesays.com\/lt\/wp-json\/wp\/v2\/media?parent=218480"}],"wp:term":[{"taxonomy":"category","embeddable":true,"href":"https:\/\/www.europesays.com\/lt\/wp-json\/wp\/v2\/categories?post=218480"},{"taxonomy":"post_tag","embeddable":true,"href":"https:\/\/www.europesays.com\/lt\/wp-json\/wp\/v2\/tags?post=218480"}],"curies":[{"name":"wp","href":"https:\/\/api.w.org\/{rel}","templated":true}]}}