{"id":218575,"date":"2026-07-02T05:39:11","date_gmt":"2026-07-02T05:39:11","guid":{"rendered":"https:\/\/www.europesays.com\/lt\/218575\/"},"modified":"2026-07-02T05:39:11","modified_gmt":"2026-07-02T05:39:11","slug":"es-teisingumo-teismas-spres-ar-skirti-google-bauda","status":"publish","type":"post","link":"https:\/\/www.europesays.com\/lt\/218575\/","title":{"rendered":"ES Teisingumo Teismas spr\u0119s, ar skirti \u201eGoogle\u201c baud\u0105"},"content":{"rendered":"<p>2018 m. Europos Komisija skyr\u0117 JAV technologij\u0173 gigantui 4,34 mlrd. eur\u0173 baud\u0105. V\u0117liau, 2022 m. \u017eemesn\u0117s instancijos ES Bendrasis Teismas baud\u0105 suma\u017eino iki 4,125 mlrd. eur\u0173.<\/p>\n<p>\u201eGoogle\u201c 2022 m. priimt\u0105 sprendim\u0105 apskund\u0117, tod\u0117l byl\u0105 nagrin\u0117ti teko ES Teisingumo Teismui.<\/p>\n<p>2018 m. Komisija, b\u016bdama ES konkurencijos prie\u017ei\u016bros institucija, apkaltino \u012fmon\u0119 \u201eGoogle\u201c ir jos patronuojan\u010di\u0105j\u0105 bendrov\u0119 \u201eAlphabet\u201c pa\u017eeidus ES konkurencijos taisykles, siekiant \u201e\u012ftvirtinti savo dominuojan\u010di\u0105 pad\u0117t\u012f bendrosios interneto paie\u0161kos srityje\u201c mobiliuosiuose \u012frenginiuose su \u012fdiegta operacine sistema \u201eAndroid\u201c.<\/p>\n<p>Komisija teig\u0117, kad \u201eGoogle\u201c neteis\u0117tai sustiprino savo dominuojan\u010di\u0105 pad\u0117t\u012f, mobili\u0173j\u0173 telefon\u0173 gamintojams paie\u0161kos sistem\u0105 \u201eGoogle Search\u201c si\u016blydama tik kartu su kitomis \u201eGoogle\u201c program\u0117l\u0117mis, mok\u0117dama jiems u\u017e tai, kad \u201eGoogle Search\u201c b\u016bt\u0173 i\u0161 anksto \u012fdiegta kaip vienintel\u0117 paie\u0161kos program\u0117l\u0117, ir trukdydama kurti konkuruojan\u010dias program\u0117les.<\/p>\n<p>\u0160i byla yra viena i\u0161 keli\u0173 antimonopolini\u0173 gin\u010d\u0173 tarp Europos Komisijos ir \u201eGoogle\u201c d\u0117l pastarosios \u012ftakos rinkai.<\/p>\n<p>2021 m. \u201eGoogle\u201c pralaim\u0117jo teismo byl\u0105 d\u0117l 2,4 mlrd. eur\u0173 dyd\u017eio baudos u\u017e piktnaud\u017eiavim\u0105 dominuojan\u010dia pad\u0117timi rinkoje reklamuojant savo pa\u010dios ma\u017emenin\u0117s prekybos paslaugas ir pateik\u0117 apeliacin\u012f skund\u0105 d\u0117l \u0161io sprendimo.<\/p>\n","protected":false},"excerpt":{"rendered":"2018 m. Europos Komisija skyr\u0117 JAV technologij\u0173 gigantui 4,34 mlrd. eur\u0173 baud\u0105. V\u0117liau, 2022 m. \u017eemesn\u0117s instancijos ES&hellip;\n","protected":false},"author":2,"featured_media":218576,"comment_status":"","ping_status":"","sticky":false,"template":"","format":"standard","meta":{"footnotes":"","_share_on_mastodon":"0"},"categories":[17],"tags":[4406,81,37,39,36,38,40,46],"class_list":["post-218575","post","type-post","status-publish","format-standard","has-post-thumbnail","category-verslas","tag-google","tag-business","tag-lietuva","tag-lietuviu","tag-lithuania","tag-lithuanian","tag-lt","tag-verslas"],"share_on_mastodon":{"url":"https:\/\/pubeurope.com\/@lt\/116848778652016842","error":""},"_links":{"self":[{"href":"https:\/\/www.europesays.com\/lt\/wp-json\/wp\/v2\/posts\/218575","targetHints":{"allow":["GET"]}}],"collection":[{"href":"https:\/\/www.europesays.com\/lt\/wp-json\/wp\/v2\/posts"}],"about":[{"href":"https:\/\/www.europesays.com\/lt\/wp-json\/wp\/v2\/types\/post"}],"author":[{"embeddable":true,"href":"https:\/\/www.europesays.com\/lt\/wp-json\/wp\/v2\/users\/2"}],"replies":[{"embeddable":true,"href":"https:\/\/www.europesays.com\/lt\/wp-json\/wp\/v2\/comments?post=218575"}],"version-history":[{"count":0,"href":"https:\/\/www.europesays.com\/lt\/wp-json\/wp\/v2\/posts\/218575\/revisions"}],"wp:featuredmedia":[{"embeddable":true,"href":"https:\/\/www.europesays.com\/lt\/wp-json\/wp\/v2\/media\/218576"}],"wp:attachment":[{"href":"https:\/\/www.europesays.com\/lt\/wp-json\/wp\/v2\/media?parent=218575"}],"wp:term":[{"taxonomy":"category","embeddable":true,"href":"https:\/\/www.europesays.com\/lt\/wp-json\/wp\/v2\/categories?post=218575"},{"taxonomy":"post_tag","embeddable":true,"href":"https:\/\/www.europesays.com\/lt\/wp-json\/wp\/v2\/tags?post=218575"}],"curies":[{"name":"wp","href":"https:\/\/api.w.org\/{rel}","templated":true}]}}