{"id":218666,"date":"2026-07-02T07:21:33","date_gmt":"2026-07-02T07:21:33","guid":{"rendered":"https:\/\/www.europesays.com\/lt\/218666\/"},"modified":"2026-07-02T07:21:33","modified_gmt":"2026-07-02T07:21:33","slug":"vilniuje-protestuotojai-susirinko-priesintis-medziu-kirtimui","status":"publish","type":"post","link":"https:\/\/www.europesays.com\/lt\/218666\/","title":{"rendered":"Vilniuje protestuotojai susirinko prie\u0161intis med\u017ei\u0173 kirtimui"},"content":{"rendered":"<p>Sostin\u0117s centre, \u0161alia miesto savivaldyb\u0117s pastato susirinko keli \u0161imtai \u017emoni\u0173, garsiai skamba b\u016bgnai ir skanduot\u0117s. Dalyviai demonstruoja plakatus u\u017era\u0161ais \u201eNelieskite med\u017ei\u0173\u201c, \u201eG\u0117da\u201c, \u201ePalikite gamt\u0105 ramyb\u0117je\u201c, \u201eNe \u017ealioji, o kirtim\u0173 sostin\u0117\u201c, \u201eDruska + kirvis = Benkunsko \u017ealias Vilnius\u201c ir t. t.<\/p>\n<p>Kaip skelbia protesto organizatoriai \u2013 ekologiniai ir klimato jud\u0117jimai ,,Fridays for Future Lietuva\u201d ir ,,Extinction rebellion Lietuva\u201d \u2013 min\u0117tos \u017dirm\u016bn\u0173 ir Vingio parko teritorijos pagal 2015 m. patvirtint\u0105 Vilniaus miesto vandens telkini\u0173 sl\u0117ni\u0173 apsaugos ir pritaikymo rekreacijai special\u0173j\u012f plan\u0105 numatytos kaip vie\u0161os gamtin\u0117s rekreacin\u0117s erdv\u0117s, skirtos poilsiui, pa\u017einimui ir aktyviam laisvalaikiui gamtoje.<\/p>\n<p>Ta\u010diau \u0161iuo metu jose planuojama pl\u0117toti intensyvi\u0105 infrastrukt\u016br\u0105 \u2013 statyti irklavimo baz\u0119, gara\u017eus, hidrotechninius statinius, \u012frengti naujus priva\u017eiavimus prie up\u0117s bei automobili\u0173 stov\u0117jimo aik\u0161tel\u0119.<\/p>\n<p>Projektuose taip pat numatytas 327 brand\u017ei\u0173 med\u017ei\u0173, i\u0161 kuri\u0173 apie 200 yra saugotini, pa\u0161alinimas ir dalies pakrant\u0117s betonavimas.<\/p>\n<p>Lietuvos irklavimo federacijos ir Lietuvos tautinio olimpinio komiteto atstovai rei\u0161kia palaikym\u0105 \u0161iam planuojamam projektui sostin\u0117je, argumentuodami, jog \u0161aliai tokio tipo profesionalaus sporto infrastrukt\u016bra yra gyvybi\u0161kai reikalinga.<\/p>\n<p>Ta\u010diau organizatoriai tikina, jog \u0161ie sprendimai i\u0161 esm\u0117s keist\u0173 Neries pakrant\u0117s charakter\u012f, paversdami \u017eali\u0105 rekreacin\u0119 erdv\u0119 technin\u0117s infrastrukt\u016bros zona.<\/p>\n<p>\u201eSusirinkome Vilniaus miesto savivaldybei pasakyti, kad \u017eali\u0173j\u0173 erdvi\u0173 apsauga privalo b\u016bti prioritetas, o \u0161iuo metu mes matome, kad taip n\u0117ra. Saugoti \u017eali\u0105sias erdves saugoti ne tik d\u0117l to, kad jos tiesiogiai sugeria anglies dioksid\u0105 \u2013 juk matome, kokia kar\u0161\u010dio banga yra at\u0117jusi \u012f Europ\u0105, o tai (med\u017eiai \u2013 ELTA) yra tiesioginis b\u016bdas b\u016bti atsparesniems prie\u0161 kar\u0161\u010dius\u201c, \u2013 Eltai teig\u0117 prie organizavimo prisid\u0117jusi \u201eExtinction rebellion Lietuva\u201c grup\u0117s nar\u0117 Gabija Gorobecait\u0117-Jocien\u0117.<\/p>\n<p>Ji pabr\u0117\u017e\u0117, jog anks\u010diau min\u0117ta irklavimo baz\u0117 su stov\u0117jimo aik\u0161tele planuojama Neries pakrant\u0117je prie Tuskul\u0117n\u0173 rimties parko. \u0160i teritorija, anot jos, yra visi\u0161kai netinkama tokio tipo projektams.<\/p>\n<p>\u201eMotor\u0173 triuk\u0161mui ten ne vieta\u201c, \u2013 tikino protestuotoja.<\/p>\n<p>\u201eNorime, kad apskritai keist\u0173si savivaldyb\u0117s po\u017ei\u016bris. Vilnius neseniai buvo Europos \u017dalioji sostin\u0117, ta\u010diau dabar po\u017ei\u016bris toks, kad nuostabi miesto gamta yra tiesiog resursas. N\u0117ra santarv\u0117s tarp \u017emogaus ir gamtos. Jei b\u016bt\u0173 \u2013 miesto planavimas b\u016bt\u0173 kardinaliai kitoks\u201c, \u2013 teig\u0117 G. Gorobecait\u0117-Jocien\u0117.<\/p>\n<p>Jos manymu, visuomen\u0117 yra nepakankamai \u012ftraukiama \u012f diskusijas d\u0117l toki\u0173 projekt\u0173, o informacija apie juos \u2013 nepakankamai prieinama.<\/p>\n<p>\u201eD\u0117l to b\u016bname priversti reaguoti po fakto, kai traukinys jau pajud\u0117j\u0119s. Nor\u0117t\u0173si gal\u0117ti sureaguoti gerokai anks\u010diau\u201c, \u2013 tikino klimato ir ekologijos jud\u0117jimo nar\u0117.<\/p>\n<p>Dalyviams li\u016bdna d\u0117l gamtos<\/p>\n<p>Tuo metu protest\u0105 palaikyti at\u0117jusi Fausta teig\u0117, jog jai li\u016bdna d\u0117l Vilniuje ir visame pasaulyje priimam\u0173 gamtosaugini\u0173 sprendim\u0173, ypa\u010d matant vis labiau neprognozuojamus orus.<\/p>\n<p>\u201eMylim gamt\u0105 ir yra labai li\u016bdna. Kas vyksta apskritai visame pasaulyje, matom, k\u0105 gamta mums dabar rodo. Net ir \u0161iandien oras, klimatas a\u0161tr\u0117ja, ir atrodo, kad kiekvienas m\u016bs\u0173, kaip \u017emoni\u0173, veiksmas prisideda prie to\u201c, \u2013 Eltai teig\u0117 protesto dalyv\u0117.<\/p>\n<p>\u201eBet jeigu yra galimyb\u0117 t\u0105 gamt\u0105 pa\u017eaboti ir j\u0105 pamilti, nors ka\u017ekiek \u2013 ji mums tiek daug duoda \u2013 tai reikia jai d\u0117koti, reikia j\u0105 saugoti. T\u0105 ir norim \u010dia daryti dabar\u201c, \u2013 pabr\u0117\u017e\u0117 Fausta.<\/p>\n<p>Kitas, anonimi\u0161ku nor\u0117j\u0119s i\u0161likti protesto dalyvis sak\u0117, jog n\u0117ra patenkintas tendencija ir prioritetais, kuriuos kelia \u012f vir\u0161\u0173 Vilniaus miesto savivaldyb\u0117.<\/p>\n<p>\u201eBendra tendencija Vilniaus savivaldyb\u0117s nelabai. Tokie trumpalaikiai sprendimai ir apskritai labai nemotyvuota infrastrukt\u016bros politika, bendr\u0105ja prasme. (\u2026) Prast\u0117ja p\u0117s\u010di\u0173j\u0173 takai, viskas eina link automobili\u0173. (\u2026) Pinigai ka\u017ekur eina, bet ne \u017emoni\u0173 gerovei\u201c, \u2013 ai\u0161kino jis.\u00a0<\/p>\n<p>Protesto organizatoriai teigia, jog ypating\u0105 susir\u016bpinim\u0105 kelia projekto planuojamas poveikis Neries ekosistemai. Projekt\u0173 teritorija ribojasi su \u201eNatura 2000\u201c saugoma zona, tod\u0117l Aplinkos apsaugos agent\u016bra yra pareikalavusi atlikti piln\u0105 poveikio aplinkai vertinim\u0105.\u00a0<\/p>\n<p>Pasak j\u0173, projekte numatytas up\u0117s vagos gilinimas, krant\u0173 linijos keitimas, ponton\u0173 ir kateri\u0173 infrastrukt\u016bros \u012frengimas gali paveikti nat\u016brali\u0105 up\u0117s t\u0117km\u0119, \u017euv\u0173 migracij\u0105, ner\u0161tavietes bei pakran\u010di\u0173 ekologin\u012f koridori\u0173. Aplinkosaugininkai taip pat atkreipia d\u0117mes\u012f, kad med\u017ei\u0173 kirtimas ma\u017eint\u0173 buveini\u0173 plotus, pakran\u010di\u0173 \u0161e\u0161\u0117l\u012f ir krant\u0173 stabilum\u0105.<\/p>\n","protected":false},"excerpt":{"rendered":"Sostin\u0117s centre, \u0161alia miesto savivaldyb\u0117s pastato susirinko keli \u0161imtai \u017emoni\u0173, garsiai skamba b\u016bgnai ir skanduot\u0117s. Dalyviai demonstruoja plakatus&hellip;\n","protected":false},"author":2,"featured_media":218667,"comment_status":"","ping_status":"","sticky":false,"template":"","format":"standard","meta":{"footnotes":"","_share_on_mastodon":"0"},"categories":[13],"tags":[25,30,31,34,35,24,32,33,37,39,36,38,40,33015,23,22,28,29,1719,26,27],"class_list":["post-218666","post","type-post","status-publish","format-standard","has-post-thumbnail","category-lietuva","tag-antrastes","tag-breaking-news","tag-breakingnews","tag-featured-news","tag-featurednews","tag-headlines","tag-latest-news","tag-latestnews","tag-lietuva","tag-lietuviu","tag-lithuania","tag-lithuanian","tag-lt","tag-medziu-kirtimas","tag-naujienos","tag-news","tag-populiariausios-naujienos","tag-populiariausiosnaujienos","tag-protestas","tag-top-stories","tag-topstories"],"share_on_mastodon":{"url":"https:\/\/pubeurope.com\/@lt\/116849179474776328","error":""},"_links":{"self":[{"href":"https:\/\/www.europesays.com\/lt\/wp-json\/wp\/v2\/posts\/218666","targetHints":{"allow":["GET"]}}],"collection":[{"href":"https:\/\/www.europesays.com\/lt\/wp-json\/wp\/v2\/posts"}],"about":[{"href":"https:\/\/www.europesays.com\/lt\/wp-json\/wp\/v2\/types\/post"}],"author":[{"embeddable":true,"href":"https:\/\/www.europesays.com\/lt\/wp-json\/wp\/v2\/users\/2"}],"replies":[{"embeddable":true,"href":"https:\/\/www.europesays.com\/lt\/wp-json\/wp\/v2\/comments?post=218666"}],"version-history":[{"count":0,"href":"https:\/\/www.europesays.com\/lt\/wp-json\/wp\/v2\/posts\/218666\/revisions"}],"wp:featuredmedia":[{"embeddable":true,"href":"https:\/\/www.europesays.com\/lt\/wp-json\/wp\/v2\/media\/218667"}],"wp:attachment":[{"href":"https:\/\/www.europesays.com\/lt\/wp-json\/wp\/v2\/media?parent=218666"}],"wp:term":[{"taxonomy":"category","embeddable":true,"href":"https:\/\/www.europesays.com\/lt\/wp-json\/wp\/v2\/categories?post=218666"},{"taxonomy":"post_tag","embeddable":true,"href":"https:\/\/www.europesays.com\/lt\/wp-json\/wp\/v2\/tags?post=218666"}],"curies":[{"name":"wp","href":"https:\/\/api.w.org\/{rel}","templated":true}]}}