{"id":218747,"date":"2026-07-02T08:49:11","date_gmt":"2026-07-02T08:49:11","guid":{"rendered":"https:\/\/www.europesays.com\/lt\/218747\/"},"modified":"2026-07-02T08:49:11","modified_gmt":"2026-07-02T08:49:11","slug":"svedijos-teismas-skyre-google-15-mlrd-doleriu-bauda","status":"publish","type":"post","link":"https:\/\/www.europesays.com\/lt\/218747\/","title":{"rendered":"\u0160vedijos teismas skyr\u0117 \u201eGoogle\u201c 1,5 mlrd. doleri\u0173 baud\u0105"},"content":{"rendered":"<p>\u0160i kompensacija, sudaranti ma\u017edaug 14,3 mlrd. \u0160vedijos kron\u0173, priteista tuo metu, kai Europoje vis labiau grie\u017etinamas JAV did\u017ei\u0173j\u0173 technologij\u0173 bendrovi\u0173 tikrinimas. <\/p>\n<p>Teismas nurod\u0117, kad \u201ePriceRunner\u201c patyr\u0117 \u017eal\u0105 d\u0117l to, kad \u201eGoogle\u201c daugel\u012f met\u0173 \u201eneteis\u0117tai teik\u0117 pirmenyb\u0119\u201c savo pa\u010dios paslaugai.<\/p>\n<p>\u0160i priteista kompensacija yra viena did\u017eiausi\u0173 tokio pob\u016bd\u017eio \u0160vedijoje.<\/p>\n<p>Savo parei\u0161kime investuotojams \u201eKlarna\u201c palankiai \u012fvertino \u0161\u012f sprendim\u0105, nors priteista suma gerokai ma\u017eesn\u0117 u\u017e t\u0105, kurios siek\u0117 \u201ePriceRunner\u201c, ra\u0161o \u201eEuronews\u201c.<\/p>\n<p>Bendrov\u0117 buvo parei\u0161kusi ie\u0161kin\u012f d\u0117l ma\u017edaug 80 mlrd. kron\u0173 (7,2 mlrd. eur\u0173), kas rei\u0161kia, kad teismas atmet\u0117 did\u017ei\u0105j\u0105 dal\u012f ie\u0161kinio, ta\u010diau kaltinimo esm\u0117s at\u017evilgiu vis d\u0117lto pritar\u0117 \u201ePriceRunner\u201c pozicijai.<\/p>\n<p>I\u0161vados rodo ilgamet\u012f piktnaud\u017eiavim\u0105<\/p>\n<p>Byla grind\u017eiama i\u0161vadomis, kurios jau buvo i\u0161nagrin\u0117tos Europos teisin\u0117je sistemoje.<\/p>\n<p>2017 m. Europos Komisija skyr\u0117 \u201eGoogle\u201c 2,42 mlrd. eur\u0173 baud\u0105, nusprendusi, kad bendrov\u0117 piktnaud\u017eiavo dominuojan\u010dia pad\u0117timi internetin\u0117s paie\u0161kos rinkoje, suteikdama neteis\u0117t\u0105 prana\u0161um\u0105 savo pa\u010dios preki\u0173 kain\u0173 palyginimo paslaugai. \u0160\u012f sprendim\u0105 2024 m. patvirtino Europos S\u0105jungos auk\u0161\u010diausiasis teismas.<\/p>\n<p>\u201ePriceRunner\u201c \u2013 \u201eKlarna\u201c priklausanti \u0160vedijos svetain\u0117, leid\u017eianti pirk\u0117jams palyginti kainas skirtinguose parduotuv\u0117se, \u2013 2022 m. Stokholme pateik\u0117 ie\u0161kin\u012f d\u0117l \u017ealos atlyginimo, teigdama, kad \u201eGoogle\u201c veiksmai suma\u017eino jos pozicijas paie\u0161kos reitinguose ir daugiau nei de\u0161imtmet\u012f dar\u0117 nuolatin\u0119 komercin\u0119 \u017eal\u0105.<\/p>\n<p>Tais pa\u010diais metais \u201eKlarna\u201c \u012fsigijo \u0161\u012f versl\u0105 ir integravo jo produkt\u0173 palyginimo technologij\u0105 \u012f \u201eKlarna\u201c program\u0117l\u0119.<\/p>\n<p>\u201eGoogle\u201c planuoja sk\u0173sti sprendim\u0105<\/p>\n<p>Tikimasi, kad \u201eGoogle\u201c apsk\u0173s \u0161\u012f teismo sprendim\u0105.<\/p>\n<p>Bendrov\u0117s politikos komunikacijos vadov\u0117 Europoje Mathilde M\u00e9chin  \u201eEuronews\u201c komentavo: \u201eMes nesutinkame su teismo sprendimu, j\u012f nagrin\u0117jame ir svarstysime galimas teisines priemones. 2017 m. atlikti preki\u0173 paie\u0161kos skelbim\u0173 pakeitimai veikia s\u0117kmingai \u2013 jie skatina augim\u0105 ir darbo viet\u0173 k\u016brim\u0105 \u0161imtuose kain\u0173 palyginimo paslaug\u0173 teik\u0117j\u0173, kurie visoje Europoje valdo daugiau nei 1 500 interneto svetaini\u0173.\u201c<\/p>\n","protected":false},"excerpt":{"rendered":"\u0160i kompensacija, sudaranti ma\u017edaug 14,3 mlrd. \u0160vedijos kron\u0173, priteista tuo metu, kai Europoje vis labiau grie\u017etinamas JAV did\u017ei\u0173j\u0173&hellip;\n","protected":false},"author":2,"featured_media":218748,"comment_status":"","ping_status":"","sticky":false,"template":"","format":"standard","meta":{"footnotes":"","_share_on_mastodon":"0"},"categories":[17],"tags":[4406,81,37,39,36,38,40,46],"class_list":["post-218747","post","type-post","status-publish","format-standard","has-post-thumbnail","category-verslas","tag-google","tag-business","tag-lietuva","tag-lietuviu","tag-lithuania","tag-lithuanian","tag-lt","tag-verslas"],"share_on_mastodon":{"url":"https:\/\/pubeurope.com\/@lt\/116849525743584388","error":""},"_links":{"self":[{"href":"https:\/\/www.europesays.com\/lt\/wp-json\/wp\/v2\/posts\/218747","targetHints":{"allow":["GET"]}}],"collection":[{"href":"https:\/\/www.europesays.com\/lt\/wp-json\/wp\/v2\/posts"}],"about":[{"href":"https:\/\/www.europesays.com\/lt\/wp-json\/wp\/v2\/types\/post"}],"author":[{"embeddable":true,"href":"https:\/\/www.europesays.com\/lt\/wp-json\/wp\/v2\/users\/2"}],"replies":[{"embeddable":true,"href":"https:\/\/www.europesays.com\/lt\/wp-json\/wp\/v2\/comments?post=218747"}],"version-history":[{"count":0,"href":"https:\/\/www.europesays.com\/lt\/wp-json\/wp\/v2\/posts\/218747\/revisions"}],"wp:featuredmedia":[{"embeddable":true,"href":"https:\/\/www.europesays.com\/lt\/wp-json\/wp\/v2\/media\/218748"}],"wp:attachment":[{"href":"https:\/\/www.europesays.com\/lt\/wp-json\/wp\/v2\/media?parent=218747"}],"wp:term":[{"taxonomy":"category","embeddable":true,"href":"https:\/\/www.europesays.com\/lt\/wp-json\/wp\/v2\/categories?post=218747"},{"taxonomy":"post_tag","embeddable":true,"href":"https:\/\/www.europesays.com\/lt\/wp-json\/wp\/v2\/tags?post=218747"}],"curies":[{"name":"wp","href":"https:\/\/api.w.org\/{rel}","templated":true}]}}