{"id":219465,"date":"2026-07-03T06:14:13","date_gmt":"2026-07-03T06:14:13","guid":{"rendered":"https:\/\/www.europesays.com\/lt\/219465\/"},"modified":"2026-07-03T06:14:13","modified_gmt":"2026-07-03T06:14:13","slug":"ukrainos-kariuomene-i-fronta-ruosia-technologija-lyg-is-fantastikos-filmo-kaip-tai-veikia-delfi","status":"publish","type":"post","link":"https:\/\/www.europesays.com\/lt\/219465\/","title":{"rendered":"Ukrainos kariuomen\u0117 \u012f front\u0105 ruo\u0161ia technologij\u0105 lyg i\u0161 fantastikos filmo: kaip tai veikia? &#8211; Delfi"},"content":{"rendered":"<ol>\n<li><a href=\"https:\/\/news.google.com\/rss\/articles\/CBMi0gFBVV95cUxPOEgyOGlaZEl5QVQ5VDV4T0JMWWhfUUJfTzhaN204UUtvbUNJN3hCM0MzSkRMUkZhZC1Jdmd4dkM3UmpLRWxmcmdfTzEtc3g2SDJQR3J5OVhWVTBycTBOdUV5Z1BENXhVN0M4M3NKSWJZa1hPbUozUFBEMVJ1Xzc2OVUtOVJTNXBNQm1QRm8zSEc3YWc2c1c4bElIUFFUbUJSUnBfc1hRdThmRG5PU0lRcWdfME56ZmdVRTZvdDl0WFR1WVptRWU3QlF4cmNWWkdWYWc?oc=5\" target=\"_blank\" rel=\"nofollow noopener\">Ukrainos kariuomen\u0117 \u012f front\u0105 ruo\u0161ia technologij\u0105 lyg i\u0161 fantastikos filmo: kaip tai veikia?<\/a>&nbsp;&nbsp;Delfi<\/li>\n<li><a href=\"https:\/\/news.google.com\/rss\/articles\/CBMizgFBVV95cUxNX253cmIzSXk2aHhiVkJ4QUtyNFI5V29EOThOcGRqRW5jYmtVMFZQZmp0YnV1VUJ4TE9Ib0VEcWRGa0FsU0dNS1FiRnNfUVVWYXdlNmVRaTEwVHl2bGswSTVmSElzaV9yWExNWFpuLTE5Q09JaFZCbmFKanN3dUNQdnZWNVNqOHZxeVc5eWc1VXNvNEJvSFRuTWUyY1lmeEdHaFQta2dERkNJaGRDU09DQ3FuNno2RERfZFA5R2w3akI4aVN3MVlVcmJISGEzZw?oc=5\" target=\"_blank\" rel=\"nofollow noopener\">Naujas technologinis etapas suk\u0117l\u0117 Rusijai problem\u0173: tapo sunkiau apr\u016bpinti pozicijas<\/a>&nbsp;&nbsp;LRT<\/li>\n<li><a href=\"https:\/\/news.google.com\/rss\/articles\/CBMi5gFBVV95cUxQVnprZzgtcllPYk5qVWNfdzE5dGFIRGx0bHBGV3hnS2dMYWJ2SjM2S2NjUGRNak1lTUplbktDNXJlUUtHWUpoTGFXaHk1S3NlR05hMS1xUTUxLWdWbEd0d0tNaGg2NG5JZTEwZkhzZ3pwc1B3MFQ5V0xhY3ZRQ2hqd0VsZl9fT3prdzA2YXJHak1iU19iMmtRT01yMGlVZXRfck1la3pwemJEd3FYX1gyQWF0RzEtbFlVX3MyRlhtdjFIdXhJUEtJaWRXN1ZNSjVZd1UzRjNKc2tRWURDRl9BMlVxN2NZZw?oc=5\" target=\"_blank\" rel=\"nofollow noopener\">\u201eBlue\/Yellow\u201c skelbia nauj\u0105 operacij\u0105 ir kvie\u010dia versl\u0105 finansuoti \u201eStarlink\u201c terminalus dronams<\/a>&nbsp;&nbsp;15min.lt<\/li>\n<li><a href=\"https:\/\/news.google.com\/rss\/articles\/CBMiqwFBVV95cUxPc3NkNnJ1OFFsZ1FCMTRYb2lhR0hMLWdjeEZFenpkVVFfaDBHY1lnTzNIMW1HbF9jcnliRzhvM0dkRjdZRzhjMXkzZXNCVGpFc1pjRE14TFFTVlZ2aUxaYW1oTG5JT2RrQzBkU2s5NUJZLWRabktwcWxDeVlQNnZodXprZkN3TEo0Ujdkc3NaTTZZZGw4VXJzTFlYR3o2WWQyUzVKOWtNclJObVk?oc=5\" target=\"_blank\" rel=\"nofollow noopener\">Ukrainie\u010di\u0173 sukurta dron\u0173 spie\u010diaus technologija kei\u010dia JAV kariuomen\u0117s ateit\u012f<\/a>&nbsp;&nbsp;Vakar\u0173 ekspresas<\/li>\n<li><a href=\"https:\/\/news.google.com\/rss\/articles\/CBMiY0FVX3lxTE4zSURzOVRfM19NVjFmTUFITy1XVlBpOUJSYTJpUWcxaDRUdUFuejFOeFVhR1ZkRVJGYVpuZ0lXOWV1M25jTFkzYnVhS1dUYXB4bnB1NE9QQWt4Sy1BMVhyYmI2dw?oc=5\" target=\"_blank\" rel=\"nofollow noopener\">Plieniniai \u201ebach\u016brai\u201c stoja \u012f rikiuot\u0119: rus\u0173 laukia ko\u0161maras<\/a>&nbsp;&nbsp;Mokslo ir technologij\u0173 pasaulis<\/li>\n<\/ol>\n","protected":false},"excerpt":{"rendered":"Ukrainos kariuomen\u0117 \u012f front\u0105 ruo\u0161ia technologij\u0105 lyg i\u0161 fantastikos filmo: kaip tai veikia?&nbsp;&nbsp;Delfi Naujas technologinis etapas suk\u0117l\u0117 Rusijai&hellip;\n","protected":false},"author":2,"featured_media":219466,"comment_status":"","ping_status":"","sticky":false,"template":"","format":"standard","meta":{"footnotes":"","_share_on_mastodon":"0"},"categories":[17],"tags":[81,92,121,37,39,36,38,40,360,46],"class_list":["post-219465","post","type-post","status-publish","format-standard","has-post-thumbnail","category-verslas","tag-business","tag-dronas","tag-karas-ukrainoje","tag-lietuva","tag-lietuviu","tag-lithuania","tag-lithuanian","tag-lt","tag-ukraina","tag-verslas"],"share_on_mastodon":{"url":"https:\/\/pubeurope.com\/@lt\/116854578424045188","error":""},"_links":{"self":[{"href":"https:\/\/www.europesays.com\/lt\/wp-json\/wp\/v2\/posts\/219465","targetHints":{"allow":["GET"]}}],"collection":[{"href":"https:\/\/www.europesays.com\/lt\/wp-json\/wp\/v2\/posts"}],"about":[{"href":"https:\/\/www.europesays.com\/lt\/wp-json\/wp\/v2\/types\/post"}],"author":[{"embeddable":true,"href":"https:\/\/www.europesays.com\/lt\/wp-json\/wp\/v2\/users\/2"}],"replies":[{"embeddable":true,"href":"https:\/\/www.europesays.com\/lt\/wp-json\/wp\/v2\/comments?post=219465"}],"version-history":[{"count":0,"href":"https:\/\/www.europesays.com\/lt\/wp-json\/wp\/v2\/posts\/219465\/revisions"}],"wp:featuredmedia":[{"embeddable":true,"href":"https:\/\/www.europesays.com\/lt\/wp-json\/wp\/v2\/media\/219466"}],"wp:attachment":[{"href":"https:\/\/www.europesays.com\/lt\/wp-json\/wp\/v2\/media?parent=219465"}],"wp:term":[{"taxonomy":"category","embeddable":true,"href":"https:\/\/www.europesays.com\/lt\/wp-json\/wp\/v2\/categories?post=219465"},{"taxonomy":"post_tag","embeddable":true,"href":"https:\/\/www.europesays.com\/lt\/wp-json\/wp\/v2\/tags?post=219465"}],"curies":[{"name":"wp","href":"https:\/\/api.w.org\/{rel}","templated":true}]}}