{"id":219863,"date":"2026-07-03T14:51:11","date_gmt":"2026-07-03T14:51:11","guid":{"rendered":"https:\/\/www.europesays.com\/lt\/219863\/"},"modified":"2026-07-03T14:51:11","modified_gmt":"2026-07-03T14:51:11","slug":"vatikanas-salina-is-baznycios-ultrakonservatyvius-vyskupus-respublika-lt","status":"publish","type":"post","link":"https:\/\/www.europesays.com\/lt\/219863\/","title":{"rendered":"Vatikanas \u0161alina i\u0161 Ba\u017eny\u010dios ultrakonservatyvius vyskupus &#8211; Respublika.lt"},"content":{"rendered":"<p><img loading=\"lazy\" decoding=\"async\" src=\"https:\/\/www.respublika.lt\/lt\/naujienos\/pasaulis\/kitos_pasaulio_naujienos\/vatikanas-salina-is-baznycios-ultrakonservatyvius-vyskupus\/images\/ico_camera_white.gif\" class=\"camera\" width=\"22\" height=\"15\" alt=\"nuotr.\" style=\"position:relative; top:-2px; right:2px;\"\/> 1 nuotr.<\/p>\n<p>I\u0161 Ba\u017eny\u010dios bus pa\u0161alinti keturi naujai \u012f\u0161ventinti tradicionalist\u0173 grup\u0117s vyskupai ir dar du \u0161io laipsnio dvasininkai. EPA-Eltos nuotr.<\/p>\n<p style=\"text-align: justify;\" class=\"desktop_banner\">\u00a0<\/p>\n<p style=\"text-align: left;\">\u00a0<\/p>\n<p style=\"text-align: left;\">Vatikano Tik\u0117jimo mokymo dikasterija paskelb\u0117, kad i\u0161 Ba\u017eny\u010dios bus pa\u0161alinti keturi naujai \u012f\u0161ventinti tradicionalist\u0173 grup\u0117s vyskupai ir dar du \u0161io laipsnio dvasininkai.<\/p>\n<p style=\"text-align: left;\">D\u0117l to jie netenka vis\u0173 ba\u017enytini\u0173 pareig\u0173.<\/p>\n<p style=\"text-align: left;\">\u012e\u0161ventindami vyskupus prie\u0161 ai\u0161ki\u0105 popie\u017eiaus Leono XIV vali\u0105, jie atliko \u201eschizminio pob\u016bd\u017eio veiksm\u0105\u201c, sakoma paskelbtame Vatikano dekrete.\u00a0<\/p>\n<p style=\"text-align: left;\">\u0160is terminas rei\u0161kia poelg\u012f, kuriuo siekiama sukelti skilim\u0105 Katalik\u0173 Ba\u017eny\u010dioje.<\/p>\n<p style=\"text-align: left;\">\u012etakingoji Tik\u0117jimo mokymo dikasterija \u012fsp\u0117jo draugijos dvasininkus ir pasaulie\u010dius neprisijungti prie schizmos.<\/p>\n<p style=\"text-align: left;\">Ekskomunikavimas konkre\u010diai paveik\u0117 Ispanijos vyskup\u0105 Alfonso de Galarret\u0105, kuris atliko \u012f\u0161ventinimo apeigas, ir keturis naujus vyskupus \u2013 Pascal\u012f Schreiber\u012f i\u0161 \u0160veicarijos, Michael\u0105 Goldade i\u0161 Jungtini\u0173 Valstij\u0173 ir Michel\u012f Poinsinet de Sivry bei Marc\u0105 Hanappier i\u0161 Pranc\u016bzijos.<\/p>\n<p style=\"text-align: left;\">D\u0117l savo vaidmens paveiktas ir vyskupas Bernardas Fellay i\u0161 \u0160veicarijos.<\/p>\n<p style=\"text-align: left;\">\u0160v. Pijaus X draugija naujus vyskupus tre\u010diadien\u012f \u012f\u0161ventino Ekon\u0117je (\u0160veicarija), nepaisydama ai\u0161ki\u0173 Vatikano persp\u0117jim\u0173. Vatikanas dar prie\u0161 kelias savaites buvo ai\u0161kiai pasak\u0119s, kad toks \u0117jimas be popie\u017eiaus sutikimo reik\u0161 automatin\u012f ekskomunikavim\u0105.<\/p>\n<p style=\"text-align: left;\">Naujausias \u012fvykis paa\u0161trino jau kelis de\u0161imtme\u010dius rusenus\u012f konflikt\u0105.<\/p>\n<p style=\"text-align: left;\">Minim\u0105 draugij\u0105 1970 m. \u012fk\u016br\u0117 pranc\u016bzas arkivyskupas Marcelis Lefebvre\u2018as.<\/p>\n<p style=\"text-align: left;\">Ji atmeta pagrindines Vatikano II susirinkimo (1962\u20131965 m.) reformas.<\/p>\n<p style=\"text-align: left;\">\u0160io susirinkimo metu buvo i\u0161 esm\u0117s pakeisti santykiai su kitais krik\u0161\u010dionimis, \u017eydais ir kitomis religijomis, taip pat su pasaulie\u010diais, ir buvo leista laikyti Mi\u0161ias ne lotyn\u0173, o vietin\u0117mis kalbomis.<\/p>\n<p style=\"text-align: left;\">Jau 1988 m. M. Lefebvre\u2018as \u012f\u0161ventino keturis vyskupus prie\u0161 popie\u017eiaus Jono Pauliaus II vali\u0105.<\/p>\n<p style=\"text-align: left;\">Jis ir naujai \u012f\u0161ventinti vyskupai po to buvo ekskomunikuoti.\u00a0<\/p>\n<p style=\"text-align: left;\">Ta\u010diau popie\u017eius Benediktas XVI, demonstruodamas susitaikymo gest\u0105, 2009 m. panaikino \u0161i\u0105 grie\u017et\u0105 ba\u017enytin\u0119 bausm\u0119.<\/p>\n<p style=\"text-align: left;\">Toks vokie\u010dio popie\u017eiaus sprendimas suk\u0117l\u0117 pasaulin\u0119 kritikos bang\u0105, nes tarp keturi\u0173 tuo metu \u012f\u0161ventint\u0173 vyskup\u0173 buvo britas holokausto neig\u0117jas Richardas Williamsonas.<\/p>\n","protected":false},"excerpt":{"rendered":"1 nuotr. I\u0161 Ba\u017eny\u010dios bus pa\u0161alinti keturi naujai \u012f\u0161ventinti tradicionalist\u0173 grup\u0117s vyskupai ir dar du \u0161io laipsnio dvasininkai.&hellip;\n","protected":false},"author":2,"featured_media":219864,"comment_status":"","ping_status":"","sticky":false,"template":"","format":"standard","meta":{"footnotes":"","_share_on_mastodon":"0"},"categories":[15],"tags":[25,2779,30,31,33168,34,35,24,32,33,37,39,36,38,40,23,22,11374,44,33169,28,29,26,27,4428,33167,74,75,76],"class_list":["post-219863","post","type-post","status-publish","format-standard","has-post-thumbnail","category-pasaulis","tag-antrastes","tag-baznycia","tag-breaking-news","tag-breakingnews","tag-ekskomunikacija","tag-featured-news","tag-featurednews","tag-headlines","tag-latest-news","tag-latestnews","tag-lietuva","tag-lietuviu","tag-lithuania","tag-lithuanian","tag-lt","tag-naujienos","tag-news","tag-pasalinimas","tag-pasaulis","tag-pijus-x","tag-populiariausios-naujienos","tag-populiariausiosnaujienos","tag-top-stories","tag-topstories","tag-vatikanas","tag-vyskupai","tag-world","tag-world-news","tag-worldnews"],"share_on_mastodon":{"url":"https:\/\/pubeurope.com\/@lt\/116856611815437967","error":""},"_links":{"self":[{"href":"https:\/\/www.europesays.com\/lt\/wp-json\/wp\/v2\/posts\/219863","targetHints":{"allow":["GET"]}}],"collection":[{"href":"https:\/\/www.europesays.com\/lt\/wp-json\/wp\/v2\/posts"}],"about":[{"href":"https:\/\/www.europesays.com\/lt\/wp-json\/wp\/v2\/types\/post"}],"author":[{"embeddable":true,"href":"https:\/\/www.europesays.com\/lt\/wp-json\/wp\/v2\/users\/2"}],"replies":[{"embeddable":true,"href":"https:\/\/www.europesays.com\/lt\/wp-json\/wp\/v2\/comments?post=219863"}],"version-history":[{"count":0,"href":"https:\/\/www.europesays.com\/lt\/wp-json\/wp\/v2\/posts\/219863\/revisions"}],"wp:featuredmedia":[{"embeddable":true,"href":"https:\/\/www.europesays.com\/lt\/wp-json\/wp\/v2\/media\/219864"}],"wp:attachment":[{"href":"https:\/\/www.europesays.com\/lt\/wp-json\/wp\/v2\/media?parent=219863"}],"wp:term":[{"taxonomy":"category","embeddable":true,"href":"https:\/\/www.europesays.com\/lt\/wp-json\/wp\/v2\/categories?post=219863"},{"taxonomy":"post_tag","embeddable":true,"href":"https:\/\/www.europesays.com\/lt\/wp-json\/wp\/v2\/tags?post=219863"}],"curies":[{"name":"wp","href":"https:\/\/api.w.org\/{rel}","templated":true}]}}