{"id":219951,"date":"2026-07-03T16:45:31","date_gmt":"2026-07-03T16:45:31","guid":{"rendered":"https:\/\/www.europesays.com\/lt\/219951\/"},"modified":"2026-07-03T16:45:31","modified_gmt":"2026-07-03T16:45:31","slug":"taminsko-kritika-oro-uostams-maziau-skirkit-viesiesiems-rysiams","status":"publish","type":"post","link":"https:\/\/www.europesays.com\/lt\/219951\/","title":{"rendered":"Taminsko kritika oro uostams: ma\u017eiau skirkit vie\u0161iesiems ry\u0161iams"},"content":{"rendered":"<p>\u201eMano manymu, dabar finansai n\u0117ra tinkamai valdomi ir (\u2026) n\u0117ra paskirstomi \u012f tas sritis, \u012f kurias b\u016btina juos paskirstyti, tokias kaip saugumas ir tvarumas\u201c, \u2013 Eltai ketvirtadien\u012f sak\u0117 laikinasis ministras.<\/p>\n<p>Tuo metu interviu Eltai pareigas paliekantis LTOU vadovas Simonas Bartkus teig\u0117, kad pastarosios Vyriausyb\u0117s prioritet\u0105 susisiekimo sektoriuje teik\u0117 keli\u0173 infrastrukt\u016bros, o ne aviacijos finansavimui.\u00a0<\/p>\n<p>Tod\u0117l, pasak jo, ateityje reik\u0117t\u0173 geriau i\u0161gryninti \u0161alies oro uost\u0173 strategij\u0105 ir didinti valstyb\u0117s investicijas \u012f saugum\u0105.\u00a0<\/p>\n<p>\u201eLabai i\u0161 tikr\u0173j\u0173 negra\u017eu sakyti, kad tr\u016bksta finansavimo saugumui, kai oro uostai skiria mil\u017eini\u0161kas sumas marketingui \u2013 vie\u0161iesiems ry\u0161iams ma\u017eiau skirkim ir bus daugiau pinig\u0173 oro uost\u0173 saugumui\u201c, \u2013 teig\u0117 J. Taminskas.<\/p>\n<p>\u201eOro uostai privalo tinkamai valdyti savo biud\u017eet\u0105, kiekviena \u012fmon\u0117, strategin\u0117 \u012fmon\u0117 privalo racionaliai naudoti l\u0117\u0161as. (\u2026) Saugumas yra numeris vienas ir tikrai turi pakankamai oro uostai finans\u0173, kad juos gal\u0117t\u0173 paskirstyti ten, kur juos reikia paskirstyti. \u0160iai dienai saugumas yra prioritetas, (\u2026) vadinasi, reikia (\u2026) suma\u017einti mink\u0161t\u0173j\u0173 projekt\u0173 apimt\u012f ir skirti kietiesiems projektams\u201c, \u2013 tikino jis.<\/p>\n<p>Laikinojo ministro teigimu, naujasis LTOU generalinis direktorius prioritet\u0105 tur\u0117s teikti ne tik oro uost\u0173 saugumui, bet ir tvarumui bei aplinkosaugai, skryd\u017ei\u0173 kryp\u010di\u0173 i\u0161laikymui.<\/p>\n<p>\u201eNe vien\u0105 kart\u0105 \u012fgarsinau, (\u2026) \u012f k\u0105 ypatingai reikia atkreipti d\u0117mes\u012f (naujai vadovybei \u2013 ELTA) ir ko iki \u0161ios dienos tr\u016bko \u2013 tai pirmiausia saugumas. Mes patys mat\u0117me, susid\u016br\u0117me ir pamat\u0117me, kaip buvo reaguojama, kai dronas \u012fskrido \u012f Lietuv\u0105, (\u2026) kaip nebuvo pasiruo\u0161\u0119 oro uostai. Tai a\u0161 jau seniai kartojau, diena i\u0161 dienos, kad jie \u012f tai turi d\u0117ti d\u0117mes\u012f, kaip ir \u012f antidronini\u0173 sistem\u0173 vystym\u0105 oro uostuose\u201c, \u2013 ai\u0161kino J. Taminskas.<\/p>\n<p>       <img decoding=\"async\" src=\"https:\/\/www.europesays.com\/lt\/wp-content\/uploads\/2026\/07\/38780ada-dbea-477c-a3b3-5ada7fba0618.jpg\" loading=\"lazy\" alt=\"Juras Taminskas\"\/>      <\/p>\n<p>\u201eAntra dedamoji, kuri yra labai svarbi, yra tvarumas \u2013 tai susideda i\u0161 keli\u0173 dali\u0173, tai yra ir skryd\u017ei\u0173 tvarumas. Tai rei\u0161kia ne tik, kad turi pritraukti skryd\u017eius, kas savaime suprantama ir b\u016btina, bet juos reikia ir i\u0161laikyti. Negali b\u016bti taip, kad skrydis at\u0117jo, mes turime krypt\u012f, d\u017eiaugiam\u0117s, pasitinkame l\u0117ktuv\u0105, (\u2026) o v\u0117liau po 3 m\u0117nesi\u0173 ar po pusme\u010dio aviakompanija nutraukia tuos skryd\u017eius, nei\u0161laikome mes tvari\u0173 kryp\u010di\u0173 tvariai ilg\u0105 laik\u0105 ir tai n\u0117ra sveika. Be kita ko, tvarumas yra ir gamtosauga\u201c, \u2013 pa\u017eym\u0117jo jis.<\/p>\n<p>Apie tai, kad abiej\u0173 \u0161ali\u0173 sutarimu palieka pareigas, S. Bartkus prane\u0161\u0117 kov\u0105, po poros savai\u010di\u0173 Susisiekimo ministerija prane\u0161\u0117 ir apie sprendim\u0105 formuoti ir nauj\u0105 valdyb\u0105, kuri darbus tur\u0117t\u0173 prad\u0117ti rugpj\u016bt\u012f.<\/p>\n<p>Laikinai LTOU vadovaus \u012fmon\u0117s komercijos departamento direktor\u0117 Gintar\u0117 Norvilait\u0117-Tautevi\u010d\u0117, nauj\u0105j\u012f vadov\u0105 i\u0161rinks naujai suformuota valdyba \u2013 \u0161\u012f proces\u0105 kuruoja ministerija.<\/p>\n","protected":false},"excerpt":{"rendered":"\u201eMano manymu, dabar finansai n\u0117ra tinkamai valdomi ir (\u2026) n\u0117ra paskirstomi \u012f tas sritis, \u012f kurias b\u016btina juos&hellip;\n","protected":false},"author":2,"featured_media":219952,"comment_status":"","ping_status":"","sticky":false,"template":"","format":"standard","meta":{"footnotes":"","_share_on_mastodon":"0"},"categories":[13],"tags":[25,30,31,34,35,24,8551,32,33,37,39,5796,36,38,40,23,22,28,29,12323,26,27],"class_list":["post-219951","post","type-post","status-publish","format-standard","has-post-thumbnail","category-lietuva","tag-antrastes","tag-breaking-news","tag-breakingnews","tag-featured-news","tag-featurednews","tag-headlines","tag-juras-taminskas","tag-latest-news","tag-latestnews","tag-lietuva","tag-lietuviu","tag-lietuvos-oro-uostai","tag-lithuania","tag-lithuanian","tag-lt","tag-naujienos","tag-news","tag-populiariausios-naujienos","tag-populiariausiosnaujienos","tag-simonas-bartkus","tag-top-stories","tag-topstories"],"share_on_mastodon":{"url":"https:\/\/pubeurope.com\/@lt\/116857059889469165","error":""},"_links":{"self":[{"href":"https:\/\/www.europesays.com\/lt\/wp-json\/wp\/v2\/posts\/219951","targetHints":{"allow":["GET"]}}],"collection":[{"href":"https:\/\/www.europesays.com\/lt\/wp-json\/wp\/v2\/posts"}],"about":[{"href":"https:\/\/www.europesays.com\/lt\/wp-json\/wp\/v2\/types\/post"}],"author":[{"embeddable":true,"href":"https:\/\/www.europesays.com\/lt\/wp-json\/wp\/v2\/users\/2"}],"replies":[{"embeddable":true,"href":"https:\/\/www.europesays.com\/lt\/wp-json\/wp\/v2\/comments?post=219951"}],"version-history":[{"count":0,"href":"https:\/\/www.europesays.com\/lt\/wp-json\/wp\/v2\/posts\/219951\/revisions"}],"wp:featuredmedia":[{"embeddable":true,"href":"https:\/\/www.europesays.com\/lt\/wp-json\/wp\/v2\/media\/219952"}],"wp:attachment":[{"href":"https:\/\/www.europesays.com\/lt\/wp-json\/wp\/v2\/media?parent=219951"}],"wp:term":[{"taxonomy":"category","embeddable":true,"href":"https:\/\/www.europesays.com\/lt\/wp-json\/wp\/v2\/categories?post=219951"},{"taxonomy":"post_tag","embeddable":true,"href":"https:\/\/www.europesays.com\/lt\/wp-json\/wp\/v2\/tags?post=219951"}],"curies":[{"name":"wp","href":"https:\/\/api.w.org\/{rel}","templated":true}]}}