{"id":220684,"date":"2026-07-04T17:01:05","date_gmt":"2026-07-04T17:01:05","guid":{"rendered":"https:\/\/www.europesays.com\/lt\/220684\/"},"modified":"2026-07-04T17:01:05","modified_gmt":"2026-07-04T17:01:05","slug":"pajurio-tualetu-trukumas-palangos-meras-pristate-kas-keisis","status":"publish","type":"post","link":"https:\/\/www.europesays.com\/lt\/220684\/","title":{"rendered":"Paj\u016brio tualet\u0173 tr\u016bkumas: Palangos meras pristat\u0117, kas keisis"},"content":{"rendered":"<p>  <img decoding=\"async\" src=\"https:\/\/www.europesays.com\/lt\/wp-content\/uploads\/2026\/07\/48ac2086-0edc-400f-b551-6ef921ed30ff.jpg\" loading=\"eager\" fetchpriority=\"high\" alt=\"Palangoje poilsiautojai d\u017eiaugiasi saul\u0117tu oru\"\/> <\/p>\n<p>Palangoje poilsiautojai d\u017eiaugiasi saul\u0117tu oru<\/p>\n<p>FOTO:  \u017dygimantas Gedvila | Elta<\/p>\n<p>Socialiniame tinkle \u201eFacebook\u201c jau ne vienas \u017emogus atkreip\u0117 d\u0117mes\u012f, kad Lietuvos paj\u016brio papl\u016bdimiuose itin tr\u016bksta vie\u0161\u0173j\u0173 tualet\u0173. \u017dmon\u0117s akcentuoja, jog vyraujant \u0161iltiems orams ir prie j\u016bros supl\u016bdus t\u016bkstan\u010diams poilsiautoj\u0173, nema\u017ea j\u0173 dalis priversti gamtinius reikalus atlikti tiesiog kopose. Tuo metu Palangos meras tvirtina, jog kopose tualet\u0173 statyti negalima, ta\u010diau jau turi sprendim\u0105 kitiems metams.  <\/p>\n","protected":false},"excerpt":{"rendered":"Palangoje poilsiautojai d\u017eiaugiasi saul\u0117tu oru FOTO: \u017dygimantas Gedvila | Elta Socialiniame tinkle \u201eFacebook\u201c jau ne vienas \u017emogus atkreip\u0117&hellip;\n","protected":false},"author":2,"featured_media":220685,"comment_status":"","ping_status":"","sticky":false,"template":"","format":"standard","meta":{"footnotes":"","_share_on_mastodon":"0"},"categories":[13],"tags":[25,30,31,34,35,24,33279,32,33,37,39,36,38,40,23,22,2801,28,29,9616,26,27,20081],"class_list":["post-220684","post","type-post","status-publish","format-standard","has-post-thumbnail","category-lietuva","tag-antrastes","tag-breaking-news","tag-breakingnews","tag-featured-news","tag-featurednews","tag-headlines","tag-kopos","tag-latest-news","tag-latestnews","tag-lietuva","tag-lietuviu","tag-lithuania","tag-lithuanian","tag-lt","tag-naujienos","tag-news","tag-palanga","tag-populiariausios-naujienos","tag-populiariausiosnaujienos","tag-sarunas-vaitkus","tag-top-stories","tag-topstories","tag-viesieji-tualetai"],"share_on_mastodon":{"url":"https:\/\/pubeurope.com\/@lt\/116862785208907759","error":""},"_links":{"self":[{"href":"https:\/\/www.europesays.com\/lt\/wp-json\/wp\/v2\/posts\/220684","targetHints":{"allow":["GET"]}}],"collection":[{"href":"https:\/\/www.europesays.com\/lt\/wp-json\/wp\/v2\/posts"}],"about":[{"href":"https:\/\/www.europesays.com\/lt\/wp-json\/wp\/v2\/types\/post"}],"author":[{"embeddable":true,"href":"https:\/\/www.europesays.com\/lt\/wp-json\/wp\/v2\/users\/2"}],"replies":[{"embeddable":true,"href":"https:\/\/www.europesays.com\/lt\/wp-json\/wp\/v2\/comments?post=220684"}],"version-history":[{"count":0,"href":"https:\/\/www.europesays.com\/lt\/wp-json\/wp\/v2\/posts\/220684\/revisions"}],"wp:featuredmedia":[{"embeddable":true,"href":"https:\/\/www.europesays.com\/lt\/wp-json\/wp\/v2\/media\/220685"}],"wp:attachment":[{"href":"https:\/\/www.europesays.com\/lt\/wp-json\/wp\/v2\/media?parent=220684"}],"wp:term":[{"taxonomy":"category","embeddable":true,"href":"https:\/\/www.europesays.com\/lt\/wp-json\/wp\/v2\/categories?post=220684"},{"taxonomy":"post_tag","embeddable":true,"href":"https:\/\/www.europesays.com\/lt\/wp-json\/wp\/v2\/tags?post=220684"}],"curies":[{"name":"wp","href":"https:\/\/api.w.org\/{rel}","templated":true}]}}