{"id":221257,"date":"2026-07-05T15:04:52","date_gmt":"2026-07-05T15:04:52","guid":{"rendered":"https:\/\/www.europesays.com\/lt\/221257\/"},"modified":"2026-07-05T15:04:52","modified_gmt":"2026-07-05T15:04:52","slug":"uz-tokios-korteles-naudojima-grestu-bauda-iki-300-euru","status":"publish","type":"post","link":"https:\/\/www.europesays.com\/lt\/221257\/","title":{"rendered":"U\u017e tokios kortel\u0117s naudojim\u0105 gr\u0117st\u0173 bauda iki 300 eur\u0173"},"content":{"rendered":"<p class=\"wp-block-paragraph\">Siekiant u\u017ekirsti keli\u0105 piktnaud\u017eiavimui, u\u017e neteis\u0117t\u0105 asmens su negalia automobilio statymo kortel\u0117s naudojim\u0105 si\u016bloma numatyti nuo 60 iki 300 eur\u0173 siekian\u010dias baudas.\u00a0<\/p>\n<p class=\"wp-block-paragraph\">Tai numatan\u010dias Administracini\u0173 nusi\u017eengim\u0173\u00a0kodekso (ANK) pataisas \u012fregistravo Seimo narys socialdemokratas Darius Razmislevi\u010dius.\u00a0<\/p>\n<p class=\"wp-block-paragraph\">U\u017e neteis\u0117t\u0105 pasinaudojim\u0105 asmens su negalia automobilio statymo kortele, parkuojant automobil\u012f ar naudojantis kitomis Keli\u0173 eismo taisykl\u0117se numatytomis lengvatomis, kai transporto priemon\u0117s nevairuoja ir ja n\u0117ra ve\u017eamas asmuo su negalia, kuriam i\u0161duota \u0161i kortel\u0117, si\u016bloma bausti nuo 60 iki 140 eur\u0173.\u00a0<\/p>\n<p class=\"wp-block-paragraph\">Toks administracinis nusi\u017eengimas, padarytas pakartotinai, u\u017etraukt\u0173\u00a0baud\u0105 nuo 140 iki 300 eur\u0173.<\/p>\n<p class=\"wp-block-paragraph\">Kaip pastebi D. Razmislevi\u010dius, asmens su negalia automobilio statymo kortel\u0117 suteikia ne tik jud\u0117jimo palengvinim\u0105, bet ir tam tikr\u0173 finansini\u0173 naud\u0173, pavyzd\u017eiui, teis\u0119 naudotis nemokamu arba lengvatiniu transporto priemoni\u0173 stov\u0117jimu.\u00a0<\/p>\n<p class=\"wp-block-paragraph\">\u201eD\u0117l \u0161i\u0173 prie\u017eas\u010di\u0173 \u0161i kortel\u0117 tampa galimo piktnaud\u017eiavimo objektu. Praktikoje pasitaiko atvej\u0173, kai vairuotojai, patys neb\u016bdami asmenimis su negalia ir neve\u017edami toki\u0173 gyventoj\u0173, neteis\u0117tai naudojasi asmens su negalia automobilio statymo kortel\u0117mis. Tokie veiksmai i\u0161kraipo lengvat\u0173 paskirt\u012f, sudaro nepagr\u012fstas privilegijas ir pa\u017eeid\u017eia s\u0105\u017einingumo bei lygiateisi\u0161kumo principus\u201c, \u2013\u00a0Eltai sak\u0117 D. Razmislevi\u010dius.<\/p>\n<p class=\"wp-block-paragraph\">Jis pastebi, kad \u0161iuo metu ANK n\u0117ra ai\u0161kiai \u012ftvirtintos atsakomyb\u0117s, kai asmens su negalia automobilio statymo kortel\u0117 naudojama ne pagal paskirt\u012f, ypa\u010d \u2013 siekiant pasinaudoti jai suteikiamomis privilegijomis.<\/p>\n<p class=\"wp-block-paragraph\">\u201eD\u0117l \u0161ios teisin\u0117s spragos atsiranda prielaidos piktnaud\u017eiavimui ir nepakankamai u\u017etikrinamas teis\u0117s norm\u0173 veiksmingumas. Be to, tokie pa\u017eeidimai tiesiogiai riboja galimybes teis\u0117tai privilegijas naudoti asmenims su negalia, nes ma\u017e\u0117ja laisv\u0173 specialiai jiems skirt\u0173 viet\u0173 ir did\u0117ja socialin\u0117 \u012ftampa\u201c, \u2013 sako D. Razmislevi\u010dius.\u00a0<\/p>\n<p class=\"wp-block-paragraph\">Si\u016bloma, kad naujas reguliavimas \u012fsigaliot\u0173 nuo \u0161i\u0173 met\u0173\u00a0lapkri\u010dio 1 d.<\/p>\n<p class=\"wp-block-paragraph\">Asmenims, vairuojantiems transporto priemones, pa\u017eym\u0117tas skiriamuoju \u017eenklu \u201eAsmuo su negalia\u201c arba asmens su negalia automobilio statymo kortele, teis\u0117s aktuose yra nustatytos tam tikros lengvatos.\u00a0J\u0173 tikslas \u2013 u\u017etikrinti didesn\u012f judumo prieinamum\u0105, socialin\u0119 integracij\u0105 ir kasdienio gyvenimo kokyb\u0119 asmenims su negalia. \u0160ios lengvatos taikomos tiek patiems asmenims su negalia, tiek j\u0173 ve\u017eimo atvejais.\u00a0<\/p>\n<p class=\"wp-block-paragraph\">\u0160iuo metu ANK nustatyta administracin\u0117 atsakomyb\u0117 tik u\u017e sustojim\u0105 ir stov\u0117jim\u0105 vietose, kuriose gali stov\u0117ti skiriamuoju \u017eenklu \u201eNe\u012fgalusis\u201c arba ne\u012fgali\u0173 asmen\u0173 automobili\u0173 statymo kortele pa\u017eym\u0117tos transporto priemon\u0117s.<\/p>\n<p class=\"wp-block-paragraph\">ELTA primena, kad siekiant u\u017ekardyti asmens su negalia automobilio statymo korteli\u0173 klastojim\u0105, D. Razmislevi\u010dius yra \u012fregistrav\u0119s Baud\u017eiamojo kodekso (BK) pataisas, si\u016blan\u010dias u\u017e tai numatyti ne tik baudas, bet ir laisv\u0117s at\u0117mim\u0105 iki 4 met\u0173.\u00a0<\/p>\n<p class=\"wp-block-paragraph\">Pagal projekt\u0105, tas, kas pagamino netikr\u0105 asmen\u0173 su negalia automobili\u0173 statymo kortel\u0119 arba j\u0105 suklastojo, toki\u0105 suklastot\u0105 kortel\u0119 laik\u0117, gabeno, siunt\u0117, panaudojo ar realizavo, b\u016bt\u0173 baud\u017eiamas bauda arba laisv\u0117s apribojimu, arba are\u0161tu, arba laisv\u0117s at\u0117mimu iki 4 met\u0173.<\/p>\n<p class=\"wp-block-paragraph\">Jei <a style=\"font-weight:bold;\" href=\"https:\/\/madeinvilnius.lt\/tema\/seimas\/\" target=\"_blank\" rel=\"nofollow noopener\">Seimas<\/a> pritart\u0173, u\u017e asmen\u0173 su negalia automobili\u0173 statymo kortel\u0117s suklastojim\u0105 ir panaudojim\u0105 b\u016bt\u0173 numatyta tokia pat atsakomyb\u0117, kaip ir u\u017e kit\u0173 svarbi\u0173 dokument\u0173 \u2013 asmens tapatyb\u0117s kortel\u0117s, paso, vairuotojo ar valstybinio socialinio draudimo pa\u017eym\u0117jim\u0173 klastojim\u0105.\u00a0<\/p>\n<p class=\"wp-block-paragraph\">D. Razmislevi\u010dius tikisi, kad pasi\u016blytas reguliavimas u\u017ekardys asmens su negalia automobilio statymo korteli\u0173 neteis\u0117t\u0105 naudojim\u0105 bei veiks prevenci\u0161kai.<\/p>\n","protected":false},"excerpt":{"rendered":"Siekiant u\u017ekirsti keli\u0105 piktnaud\u017eiavimui, u\u017e neteis\u0117t\u0105 asmens su negalia automobilio statymo kortel\u0117s naudojim\u0105 si\u016bloma numatyti nuo 60 iki&hellip;\n","protected":false},"author":2,"featured_media":221258,"comment_status":"","ping_status":"","sticky":false,"template":"","format":"standard","meta":{"footnotes":"","_share_on_mastodon":"0"},"categories":[13],"tags":[25,3534,30,31,34,35,24,32,33,37,39,36,38,40,65,23,22,5098,28,29,26,27],"class_list":["post-221257","post","type-post","status-publish","format-standard","has-post-thumbnail","category-lietuva","tag-antrastes","tag-bauda","tag-breaking-news","tag-breakingnews","tag-featured-news","tag-featurednews","tag-headlines","tag-latest-news","tag-latestnews","tag-lietuva","tag-lietuviu","tag-lithuania","tag-lithuanian","tag-lt","tag-naujiena","tag-naujienos","tag-news","tag-parkingas","tag-populiariausios-naujienos","tag-populiariausiosnaujienos","tag-top-stories","tag-topstories"],"share_on_mastodon":{"url":"https:\/\/pubeurope.com\/@lt\/116867991151372648","error":""},"_links":{"self":[{"href":"https:\/\/www.europesays.com\/lt\/wp-json\/wp\/v2\/posts\/221257","targetHints":{"allow":["GET"]}}],"collection":[{"href":"https:\/\/www.europesays.com\/lt\/wp-json\/wp\/v2\/posts"}],"about":[{"href":"https:\/\/www.europesays.com\/lt\/wp-json\/wp\/v2\/types\/post"}],"author":[{"embeddable":true,"href":"https:\/\/www.europesays.com\/lt\/wp-json\/wp\/v2\/users\/2"}],"replies":[{"embeddable":true,"href":"https:\/\/www.europesays.com\/lt\/wp-json\/wp\/v2\/comments?post=221257"}],"version-history":[{"count":0,"href":"https:\/\/www.europesays.com\/lt\/wp-json\/wp\/v2\/posts\/221257\/revisions"}],"wp:featuredmedia":[{"embeddable":true,"href":"https:\/\/www.europesays.com\/lt\/wp-json\/wp\/v2\/media\/221258"}],"wp:attachment":[{"href":"https:\/\/www.europesays.com\/lt\/wp-json\/wp\/v2\/media?parent=221257"}],"wp:term":[{"taxonomy":"category","embeddable":true,"href":"https:\/\/www.europesays.com\/lt\/wp-json\/wp\/v2\/categories?post=221257"},{"taxonomy":"post_tag","embeddable":true,"href":"https:\/\/www.europesays.com\/lt\/wp-json\/wp\/v2\/tags?post=221257"}],"curies":[{"name":"wp","href":"https:\/\/api.w.org\/{rel}","templated":true}]}}