{"id":221434,"date":"2026-07-05T21:04:33","date_gmt":"2026-07-05T21:04:33","guid":{"rendered":"https:\/\/www.europesays.com\/lt\/221434\/"},"modified":"2026-07-05T21:04:33","modified_gmt":"2026-07-05T21:04:33","slug":"ispeja-juodaja-katzuve-draudziama-auginti-tvenkiniuose-delfi","status":"publish","type":"post","link":"https:\/\/www.europesays.com\/lt\/221434\/","title":{"rendered":"\u012esp\u0117ja: juod\u0105j\u0105 kat\u017euv\u0119 draud\u017eiama auginti tvenkiniuose &#8211; Delfi"},"content":{"rendered":"<ol>\n<li><a href=\"https:\/\/news.google.com\/rss\/articles\/CBMiogFBVV95cUxOX0FKb0JqbzNGa2NMVTVqd2tCMnBfbGhaeFgtdzBCcDBwX0tnUEZ5QnIzd3BZcGsxTWt2MWxNS3M1Q3RWT2t3eGt6QjJGZTlOaE8tZ2d1MnYtam1aOEdibFBqRVNEV1YweFJxb1hyZEJKSkg0Uml3Y1puMkZhYmtkb2cySjNMZXlMaGhSZFF0eE5pakJSQndBbTNrUndOa0hNeEE?oc=5\" target=\"_blank\" rel=\"nofollow noopener\">\u012esp\u0117ja: juod\u0105j\u0105 kat\u017euv\u0119 draud\u017eiama auginti tvenkiniuose<\/a>&nbsp;&nbsp;Delfi<\/li>\n<li><a href=\"https:\/\/news.google.com\/rss\/articles\/CBMizAFBVV95cUxQa1MxYkdvS29XNHlCN1diN0EtQWhWSW9DNUYzTUhqNDVidTgzdnNYbW1nNVlzQXlDY1BDeFhiejJUZVNzcjdvOGMzZnlrSm5qRHFnVjl2bTM1RzJydFdiZVBCbGY3QVR6XzNwZnF1VThFWnNkY0JYODE3bnRhSkJIQmluTG9oWFhCdk9VZXRWVkZzN3dCTTlVamdlVkc1VFltSC1Qc2R5ai1vektiamVUU0Y1b004bjR4aWwxcVlpcV9qNG1TVTBUZ2FKalQ?oc=5\" target=\"_blank\" rel=\"nofollow noopener\">Mokslininkas apie invazines \u017euvis ir j\u0173 keliam\u0105 gr\u0117sm\u0119: \u201eToks \u0161amukas i\u0161auga \u012f demon\u0105\u201c<\/a>&nbsp;&nbsp;LRT<\/li>\n<li><a href=\"https:\/\/news.google.com\/rss\/articles\/CBMi-AFBVV95cUxQNkZjUmZvYkVFTG9lUWthQk56QU9YejJvWEJ5Nm5XM0pOZWNqeTNzbkJmaXVWNkJiMDdZZzVCcjdaUmxPaEFyX0pXeERhV1M5UUk5aExaeDJOemlfbkktckNubFYtT0NCWkg4Z2lxcDctVGNjRmZ5SDEzWE92N3FSblotTU1ZOHVmYnZtZjhGckg4djhhajBXRl9rY0JqUHlYVmhaVXItbnFFY0V3dzhDSVctcmg5TVVDaDczZ1lMdnQxUmdLNHBSLVdlR0xyT0ViWG9pb0VYdWlsUnE2ME10eFFHOVpOOTBzenlJZWVXNFZxRnl0MkZBdA?oc=5\" target=\"_blank\" rel=\"nofollow noopener\">\u012esp\u0117ja nelaikyti, neveisti, o sugavus \u2013 b\u016btinai sunaikinti: u\u017e pa\u017eeidimus gresia t\u016bkstantin\u0117s baudos<\/a>&nbsp;&nbsp;Lrytas<\/li>\n<li><a href=\"https:\/\/news.google.com\/rss\/articles\/CBMiigFBVV95cUxQaS1obnhDMXgxekQzaU9BbVZhX0M1Q1JRLVJiZkRLYUhRdktpTmpQMmxLWTZuRlk4YVhmZVRLWGJndnhoTUk0QnlZTjM0d0FkUjhVUWI2VnVmNXIyYzhMdDU3QUpUOHZjaUl2MkhTVVJrTlNBdUxqRGtQRHcyai1EdEtPRjVoemtKaGc?oc=5\" target=\"_blank\" rel=\"nofollow noopener\">Tvenkini\u0173 savininkams Lietuvoje: \u0161ios \u017euvies laikyti negalima<\/a>&nbsp;&nbsp;Infoerdve<\/li>\n<\/ol>\n","protected":false},"excerpt":{"rendered":"\u012esp\u0117ja: juod\u0105j\u0105 kat\u017euv\u0119 draud\u017eiama auginti tvenkiniuose&nbsp;&nbsp;Delfi Mokslininkas apie invazines \u017euvis ir j\u0173 keliam\u0105 gr\u0117sm\u0119: \u201eToks \u0161amukas i\u0161auga \u012f&hellip;\n","protected":false},"author":2,"featured_media":221435,"comment_status":"","ping_status":"","sticky":false,"template":"","format":"standard","meta":{"footnotes":"","_share_on_mastodon":"0"},"categories":[15],"tags":[25,3779,30,31,34,35,24,32,33,37,39,36,38,40,23,22,44,28,29,26,27,74,75,76,11219],"class_list":["post-221434","post","type-post","status-publish","format-standard","has-post-thumbnail","category-pasaulis","tag-antrastes","tag-aplinkos-ministerija","tag-breaking-news","tag-breakingnews","tag-featured-news","tag-featurednews","tag-headlines","tag-latest-news","tag-latestnews","tag-lietuva","tag-lietuviu","tag-lithuania","tag-lithuanian","tag-lt","tag-naujienos","tag-news","tag-pasaulis","tag-populiariausios-naujienos","tag-populiariausiosnaujienos","tag-top-stories","tag-topstories","tag-world","tag-world-news","tag-worldnews","tag-zuvis"],"share_on_mastodon":{"url":"https:\/\/pubeurope.com\/@lt\/116869402739656595","error":""},"_links":{"self":[{"href":"https:\/\/www.europesays.com\/lt\/wp-json\/wp\/v2\/posts\/221434","targetHints":{"allow":["GET"]}}],"collection":[{"href":"https:\/\/www.europesays.com\/lt\/wp-json\/wp\/v2\/posts"}],"about":[{"href":"https:\/\/www.europesays.com\/lt\/wp-json\/wp\/v2\/types\/post"}],"author":[{"embeddable":true,"href":"https:\/\/www.europesays.com\/lt\/wp-json\/wp\/v2\/users\/2"}],"replies":[{"embeddable":true,"href":"https:\/\/www.europesays.com\/lt\/wp-json\/wp\/v2\/comments?post=221434"}],"version-history":[{"count":0,"href":"https:\/\/www.europesays.com\/lt\/wp-json\/wp\/v2\/posts\/221434\/revisions"}],"wp:featuredmedia":[{"embeddable":true,"href":"https:\/\/www.europesays.com\/lt\/wp-json\/wp\/v2\/media\/221435"}],"wp:attachment":[{"href":"https:\/\/www.europesays.com\/lt\/wp-json\/wp\/v2\/media?parent=221434"}],"wp:term":[{"taxonomy":"category","embeddable":true,"href":"https:\/\/www.europesays.com\/lt\/wp-json\/wp\/v2\/categories?post=221434"},{"taxonomy":"post_tag","embeddable":true,"href":"https:\/\/www.europesays.com\/lt\/wp-json\/wp\/v2\/tags?post=221434"}],"curies":[{"name":"wp","href":"https:\/\/api.w.org\/{rel}","templated":true}]}}