{"id":221520,"date":"2026-07-06T01:33:23","date_gmt":"2026-07-06T01:33:23","guid":{"rendered":"https:\/\/www.europesays.com\/lt\/221520\/"},"modified":"2026-07-06T01:33:23","modified_gmt":"2026-07-06T01:33:23","slug":"rytas-toliau-komplektuojasi-issaugojo-vokieti-delfi","status":"publish","type":"post","link":"https:\/\/www.europesays.com\/lt\/221520\/","title":{"rendered":"\u201eRytas\u201c toliau komplektuojasi: i\u0161saugojo vokiet\u012f &#8211; Delfi"},"content":{"rendered":"<ol>\n<li><a href=\"https:\/\/news.google.com\/rss\/articles\/CBMinAFBVV95cUxQUWM0QXgxdkhjQW1DSTAyLWNORngyNjFXRldzQ24zWXFVa09yMmhxR3E3U3BGemVmb2I0VlN1ZlNXT29SQkE2UmlYTkdYU185MHdWX0d2STJ0TGZVamhKWUNkaEt3cE9kem5lNG9UVGl0QjNDMjNhVlUzR0IxN1l3bzF1WHRKMzZUcEdkNlg0eUxhY0doRjRQRkYzdVo?oc=5\" target=\"_blank\" rel=\"nofollow noopener\">\u201eRytas\u201c toliau komplektuojasi: i\u0161saugojo vokiet\u012f<\/a>&nbsp;&nbsp;Delfi<\/li>\n<li><a href=\"https:\/\/news.google.com\/rss\/articles\/CBMiYkFVX3lxTE5BanNNSUQxcTlxOVZFQ0dmdy13WE5nTmFDRjNrSFdqQkt5aHIzTmtjU3lQbUNwZkw3WU1ILVhUdmZHY0hFcUZLOFNHdnB3TVNERGdLRzlLMUxRdjd3dm9UczBR?oc=5\" target=\"_blank\" rel=\"nofollow noopener\">K. Bruhnke lieka \u201eRyte\u201c<\/a>&nbsp;&nbsp;LKL.LT<\/li>\n<li><a href=\"https:\/\/news.google.com\/rss\/articles\/CBMiekFVX3lxTFBLTHhiTEY4ZHpYZE9Rb3JZdHNlSHBzdGNnalo4a0V2ZXdUYTJhMlV5ODdOS0lScnhZUXJ1RGtuMnNxTTBoWG9TUkJ5R3FES1Awd1EyNTNfVnlQam9uZDFzaEtnZElrakdRLVRjTTJ1Y3YtMjkyTEZIMWdB?oc=5\" target=\"_blank\" rel=\"nofollow noopener\">\u201eRytas\u201c i\u0161saugojo legionieri\u0173 \/ Naujienos<\/a>&nbsp;&nbsp;BasketNews.lt<\/li>\n<li><a href=\"https:\/\/news.google.com\/rss\/articles\/CBMijwFBVV95cUxQYjMtV2diS3laeUZhRDYta3RoSS1UV1FDS2gwelozMzI2cDVDWlJLV2dvTEU3clFBdWNDcnJ2eVd0b1F3Uml6aGhIUGV2M2hNVERYaXk0ZzU1LVRHQkR1TkxlNFRsd0FGMkctM3RHZE1KVGxrbmV4OXozNzRpQlc4WFNvZHNaSkpycEtvRXNWQQ?oc=5\" target=\"_blank\" rel=\"nofollow noopener\">Vilniaus \u201eRytas\u201d u\u017esitikrino K.Bruhnke\u2019s paslaugas dar vienam sezonui<\/a>&nbsp;&nbsp;Sport24.lt<\/li>\n<li><a href=\"https:\/\/news.google.com\/rss\/articles\/CBMilgFBVV95cUxQdDFOWjIyR1hDRXpCNmEtSktVTWJib1ZzcmtJaVdWMUFHWTZ4eFdnUkx1ZG1UaGZOdDhNWmpLU2tneUgxZDBxUnN5Y29ZVEFTQjlHZnBGZHNHcTJ4dVE0RHJ1VFl4MkhNdG0yQlJGMjNiNXIwQmtwM3d4SlRwNXFVVGtzb0Y1WDZUZEdxc3VPZVBya09BNHc?oc=5\" target=\"_blank\" rel=\"nofollow noopener\">Oficialu: \u201eRytas\u201c i\u0161laik\u0117 kra\u0161tin\u012f \u017eaid\u0117j\u0105 K. Bruhnke<\/a>&nbsp;&nbsp;sport.lt<\/li>\n<\/ol>\n","protected":false},"excerpt":{"rendered":"\u201eRytas\u201c toliau komplektuojasi: i\u0161saugojo vokiet\u012f&nbsp;&nbsp;Delfi K. Bruhnke lieka \u201eRyte\u201c&nbsp;&nbsp;LKL.LT \u201eRytas\u201c i\u0161saugojo legionieri\u0173 \/ Naujienos&nbsp;&nbsp;BasketNews.lt Vilniaus \u201eRytas\u201d u\u017esitikrino K.Bruhnke\u2019s&hellip;\n","protected":false},"author":2,"featured_media":221521,"comment_status":"","ping_status":"","sticky":false,"template":"","format":"standard","meta":{"footnotes":"","_share_on_mastodon":"0"},"categories":[19],"tags":[152,172,37,39,36,38,327,40,47,104,851],"class_list":["post-221520","post","type-post","status-publish","format-standard","has-post-thumbnail","category-sportas","tag-fiba-cempionu-lyga","tag-krepsinis","tag-lietuva","tag-lietuviu","tag-lithuania","tag-lithuanian","tag-lkl","tag-lt","tag-sportas","tag-sports","tag-vilniaus-rytas"],"share_on_mastodon":{"url":"https:\/\/pubeurope.com\/@lt\/116870460547766352","error":""},"_links":{"self":[{"href":"https:\/\/www.europesays.com\/lt\/wp-json\/wp\/v2\/posts\/221520","targetHints":{"allow":["GET"]}}],"collection":[{"href":"https:\/\/www.europesays.com\/lt\/wp-json\/wp\/v2\/posts"}],"about":[{"href":"https:\/\/www.europesays.com\/lt\/wp-json\/wp\/v2\/types\/post"}],"author":[{"embeddable":true,"href":"https:\/\/www.europesays.com\/lt\/wp-json\/wp\/v2\/users\/2"}],"replies":[{"embeddable":true,"href":"https:\/\/www.europesays.com\/lt\/wp-json\/wp\/v2\/comments?post=221520"}],"version-history":[{"count":0,"href":"https:\/\/www.europesays.com\/lt\/wp-json\/wp\/v2\/posts\/221520\/revisions"}],"wp:featuredmedia":[{"embeddable":true,"href":"https:\/\/www.europesays.com\/lt\/wp-json\/wp\/v2\/media\/221521"}],"wp:attachment":[{"href":"https:\/\/www.europesays.com\/lt\/wp-json\/wp\/v2\/media?parent=221520"}],"wp:term":[{"taxonomy":"category","embeddable":true,"href":"https:\/\/www.europesays.com\/lt\/wp-json\/wp\/v2\/categories?post=221520"},{"taxonomy":"post_tag","embeddable":true,"href":"https:\/\/www.europesays.com\/lt\/wp-json\/wp\/v2\/tags?post=221520"}],"curies":[{"name":"wp","href":"https:\/\/api.w.org\/{rel}","templated":true}]}}