{"id":221566,"date":"2026-07-06T06:11:39","date_gmt":"2026-07-06T06:11:39","guid":{"rendered":"https:\/\/www.europesays.com\/lt\/221566\/"},"modified":"2026-07-06T06:11:39","modified_gmt":"2026-07-06T06:11:39","slug":"abc-news-konio-saloje-pasauti-maziausiai-astuoni-zmones-tarp-ju-keturi-vaikai-respublika-lt","status":"publish","type":"post","link":"https:\/\/www.europesays.com\/lt\/221566\/","title":{"rendered":"\u201eABC News: Konio saloje pa\u0161auti ma\u017eiausiai a\u0161tuoni \u017emon\u0117s, tarp j\u0173 keturi vaikai &#8211; Respublika.lt"},"content":{"rendered":"<p>    \u00d7<\/p>\n<p>    (1\/1) Niujorkas, Bruklino Konio sala. Socialinio tinklo nuotr. <a href=\"https:\/\/www.respublika.lt\/uploads\/img\/catalog\/1\/photo_1_33681578.jpg\" class=\"swiper-photo-download\" download=\"\" rel=\"nofollow noopener\" target=\"_blank\">Atsisi\u0173sti<\/a><\/p>\n<p><img loading=\"lazy\" decoding=\"async\" src=\"https:\/\/www.respublika.lt\/lt\/naujienos\/pasaulis\/nusikaltimai_ir_nelaimes\/abc-news-konio-saloje-pasauti-maziausiai-astuoni-zmones-tarp-ju-keturi-vaikai\/images\/ico_camera_white.gif\" class=\"camera\" width=\"22\" height=\"15\" alt=\"nuotr.\" style=\"position:relative; top:-2px; right:2px;\"\/> 1 nuotr.<\/p>\n<p>Niujorkas, Bruklino Konio sala. Socialinio tinklo nuotr.<\/p>\n<p style=\"text-align: left;\">V\u0117l\u0173 liepos 4-osios vakar\u0105 Niujorke, Bruklino Konio saloje, buvo pa\u0161auti ma\u017eiausiai a\u0161tuoni \u017emon\u0117s, tarp j\u0173 \u2013 keturi vaikai, sekmadien\u012f prane\u0161\u0117 \u201eABC News\u201c, remdamasi Niujorko miesto policijos informacija.<\/p>\n<p style=\"text-align: justify;\" class=\"desktop_banner\">\u00a0<\/p>\n<p style=\"text-align: left;\">\u00a0<\/p>\n<p style=\"text-align: left;\">Skelbiama, kad policija gavo prane\u0161im\u0105 apie \u0161\u016bvius Bruklino rajono West 31st gatv\u0117je ma\u017edaug 22.37 val. vietos laiku (5.37 val. sekmadien\u012f Lietuvos laiku).<\/p>\n<p style=\"text-align: left;\">\u00a0\u201eABC News\u201c teigimu, buvo su\u017eeisti du vyrai, dvi moterys ir keturi vaikai, kuriems 14, 12, 7 ir 6 m.<\/p>\n<p style=\"text-align: left;\">Naujien\u0173 portalas citavo Niujorko policijos departamento (NYPD) prane\u0161im\u0105, kad visi su\u017eeistieji buvo nugabenti \u012f vietos ligonines. Skelbiama, kad septyni\u0173 i\u0161 j\u0173 b\u016bkl\u0117 stabili, o 21 m. moteris \u2013 kritin\u0117s b\u016bkl\u0117s.<\/p>\n<p style=\"text-align: left;\">Pasak \u201eABC\u201c, policija informavo, kad \u012fvykio vietoje rado \u0161aunam\u0105j\u012f ginkl\u0105, bet sulaikyt\u0173j\u0173 kol kas n\u0117ra.<\/p>\n<p style=\"text-align: left;\">\u0160e\u0161tadien\u012f Jungtin\u0117se Valstijose buvo \u0161ven\u010diamos \u0161alies 250-osios nepriklausomyb\u0117s metin\u0117s.<\/p>\n<p>Naujausios \u017einios<\/p>\n<p><\/p>\n<p>        <a href=\"https:\/\/www.respublika.lt\/lt\/naujienos\/lietuva\/kitos-lietuvos-zinios\/minint-liepos-6-aja-lietuvoje-ir-pasaulyje-bus-giedama-tautiska-giesme\/\" rel=\"nofollow noopener\" target=\"_blank\"><img decoding=\"async\" oncontextmenu=\"return false\" class=\"block_item_newest_photo\" src=\"https:\/\/www.respublika.lt\/lt\/naujienos\/pasaulis\/nusikaltimai_ir_nelaimes\/abc-news-konio-saloje-pasauti-maziausiai-astuoni-zmones-tarp-ju-keturi-vaikai\/uploads\/img\/catalog\/1\/photo_for_homepage_1_16882100.jpg\" alt=\"\" width=\"240\" height=\"154.45\"\/><\/a><\/p>\n<p>        <a href=\"https:\/\/www.respublika.lt\/lt\/naujienos\/lietuva\/kitos-lietuvos-zinios\/sinoptiku-prognoze-savaitei-bus-vesu-ir-lietinga\/\" rel=\"nofollow noopener\" target=\"_blank\"><img decoding=\"async\" oncontextmenu=\"return false\" class=\"block_item_newest_photo\" src=\"https:\/\/www.respublika.lt\/lt\/naujienos\/pasaulis\/nusikaltimai_ir_nelaimes\/abc-news-konio-saloje-pasauti-maziausiai-astuoni-zmones-tarp-ju-keturi-vaikai\/uploads\/img\/catalog\/1\/photo_for_homepage_1_47301381.jpg\" alt=\"\" width=\"240\" height=\"154.45\"\/><\/a><\/p>\n<p>Patiko straipsnis? Leisk mums apie tai su\u017einoti. Nepamir\u0161k pasidalinti Facebook! <\/p>\n<p><img loading=\"lazy\" decoding=\"async\" class=\"p2_social_circle_icon\" src=\"https:\/\/www.respublika.lt\/images\/thumbs_up.svg\" width=\"21\" height=\"22\" alt=\"L\"\/><\/p>\n<p><img loading=\"lazy\" decoding=\"async\" class=\"p2_social_circle_icon\" src=\"https:\/\/www.respublika.lt\/images\/facebook.svg\" alt=\"F\" width=\"22\" height=\"22\" style=\"filter: invert(37%) sepia(55%) saturate(2351%) hue-rotate(187deg) brightness(102%) contrast(106%);\"\/><\/p>\n<p>&#13;<br \/>\n\tNesutinkate &#8211; diskutuokime!<br \/>&#13;<br \/>\n\tNepykite komentatoriai, bet komentarai su keiksma\u017eod\u017eiais bus \u0161alinami automati\u0161kai, be atsipra\u0161ymo.\n    <\/p>\n<p>&#13;<br \/>\n              Respublika.lt pasilieka teis\u0119 pa\u0161alinti nekult\u016bringus, keiksma\u017eod\u017eiais pagardintus, su tema nesusijusius, kito asmens vardu pasira\u0161ytus, \u012fstatymus pa\u017eeid\u017eian\u010dius, \u0161lam\u0161t\u0105 reklamuojan\u010dius ar nusikalsti kurstan\u010dius komentarus. Jei kurstysite smurt\u0105, rasin\u0119, tautin\u0119, religin\u0119 ar kitokio pob\u016bd\u017eio neapykant\u0105, \u017evirbliu i\u0161skrid\u0119 j\u016bs\u0173 \u017eod\u017eiai gr\u012f\u017edami gali virsti ton\u0105 sverian\u010diu jau\u010diu &#8211; specialiosioms Lietuvos tarnyboms pareikalavus suteiksime j\u016bs\u0173 duomenis.\n            <\/p>\n","protected":false},"excerpt":{"rendered":"\u00d7 (1\/1) Niujorkas, Bruklino Konio sala. Socialinio tinklo nuotr. Atsisi\u0173sti 1 nuotr. Niujorkas, Bruklino Konio sala. Socialinio tinklo&hellip;\n","protected":false},"author":2,"featured_media":221567,"comment_status":"","ping_status":"","sticky":false,"template":"","format":"standard","meta":{"footnotes":"","_share_on_mastodon":"0"},"categories":[13],"tags":[25,30,31,34,35,24,223,33406,32,33,37,39,36,38,40,23,22,1126,601,28,29,12716,12661,10248,26,27],"class_list":["post-221566","post","type-post","status-publish","format-standard","has-post-thumbnail","category-lietuva","tag-antrastes","tag-breaking-news","tag-breakingnews","tag-featured-news","tag-featurednews","tag-headlines","tag-jav","tag-konio","tag-latest-news","tag-latestnews","tag-lietuva","tag-lietuviu","tag-lithuania","tag-lithuanian","tag-lt","tag-naujienos","tag-news","tag-niujorkas","tag-policija","tag-populiariausios-naujienos","tag-populiariausiosnaujienos","tag-sala","tag-suviai","tag-suzeistieji","tag-top-stories","tag-topstories"],"share_on_mastodon":{"url":"https:\/\/pubeurope.com\/@lt\/116871553964529543","error":""},"_links":{"self":[{"href":"https:\/\/www.europesays.com\/lt\/wp-json\/wp\/v2\/posts\/221566","targetHints":{"allow":["GET"]}}],"collection":[{"href":"https:\/\/www.europesays.com\/lt\/wp-json\/wp\/v2\/posts"}],"about":[{"href":"https:\/\/www.europesays.com\/lt\/wp-json\/wp\/v2\/types\/post"}],"author":[{"embeddable":true,"href":"https:\/\/www.europesays.com\/lt\/wp-json\/wp\/v2\/users\/2"}],"replies":[{"embeddable":true,"href":"https:\/\/www.europesays.com\/lt\/wp-json\/wp\/v2\/comments?post=221566"}],"version-history":[{"count":0,"href":"https:\/\/www.europesays.com\/lt\/wp-json\/wp\/v2\/posts\/221566\/revisions"}],"wp:featuredmedia":[{"embeddable":true,"href":"https:\/\/www.europesays.com\/lt\/wp-json\/wp\/v2\/media\/221567"}],"wp:attachment":[{"href":"https:\/\/www.europesays.com\/lt\/wp-json\/wp\/v2\/media?parent=221566"}],"wp:term":[{"taxonomy":"category","embeddable":true,"href":"https:\/\/www.europesays.com\/lt\/wp-json\/wp\/v2\/categories?post=221566"},{"taxonomy":"post_tag","embeddable":true,"href":"https:\/\/www.europesays.com\/lt\/wp-json\/wp\/v2\/tags?post=221566"}],"curies":[{"name":"wp","href":"https:\/\/api.w.org\/{rel}","templated":true}]}}