{"id":221859,"date":"2026-07-06T13:20:08","date_gmt":"2026-07-06T13:20:08","guid":{"rendered":"https:\/\/www.europesays.com\/lt\/221859\/"},"modified":"2026-07-06T13:20:08","modified_gmt":"2026-07-06T13:20:08","slug":"hamas-isformuoja-gazos-ruoza-valdziusia-institucija","status":"publish","type":"post","link":"https:\/\/www.europesays.com\/lt\/221859\/","title":{"rendered":"\u201eHamas\u201c i\u0161formuoja Gazos Ruo\u017e\u0105 vald\u017eiusi\u0105 institucij\u0105"},"content":{"rendered":"<p>\u0160is \u017eingsnis \u017eymi reik\u0161ming\u0105 politin\u012f poslink\u012f kovotoj\u0173 grupuot\u0117s \u201eHamas\u201c veikloje. Ji vald\u0117 Gazos Ruo\u017e\u0105 nuo 2007 m., kai jos nariai, metais anks\u010diau laim\u0117j\u0119 rinkimus, per\u0117m\u0117 vald\u017ei\u0105 i\u0161 konkuruojan\u010dio palestinie\u010di\u0173 jud\u0117jimo \u201eFatah\u201c.<\/p>\n<p>Nuo pra\u0117jusi\u0173 met\u0173 spalio, kai Gazos Ruo\u017ee \u012fsigaliojo \u201eHamas\u201c ir Izraelio paliaubos, jud\u0117jimas ne kart\u0105 parei\u0161k\u0117 es\u0105s pasireng\u0119s pasitraukti i\u0161 kasdienio valdymo, ta\u010diau teb\u0117ra nei\u0161spr\u0119stas sud\u0117tingas jo nusiginklavimo klausimas.<\/p>\n<p>\u201eVyriausyb\u0117s nepaprastosios pad\u0117ties komiteto vadovas Mohammedas al Farra oficialiai pateik\u0117 atsistatydinimo parei\u0161kim\u0105, \u2013 AFP prane\u0161\u0117 \u201eHamas\u201c vyriausyb\u0117s spaudos tarnybos vadovas Ismailas al Thawabta. \u2013 Jis taip pat nusprend\u0117 i\u0161formuoti \u0161\u012f komitet\u0105, siekdamas palengvinti administracin\u012f ir valdymo per\u0117jim\u0105 Nacionaliniam Gazos administravimo komitetui (NCAG).\u201c<\/p>\n<p>NCAG \u012fk\u016br\u0117 Taikos taryba, kuri\u0105 JAV prezidentas Donaldas Trumpas \u012fsteig\u0117 2025 m. spalio m\u0117nes\u012f, kai tarpininkavo sudarant paliaubas tarp \u201eHamas\u201c ir Izraelio.<\/p>\n<p>\u201eHamas\u201c \u017eeng\u0117 nauj\u0105 \u017eingsn\u012f, kuris rei\u0161kia, kad ji nebevaldys Gazos Ruo\u017eo, siekdama pa\u0161alinti bet kokius pretekstus okupacijai, kuri t\u0119sia savo agresij\u0105 ir naikinimo kar\u0105\u201c, \u2013 AFP sak\u0117 \u201eHamas\u201c atstovas spaudai Hazemas Qassemas.<\/p>\n<p>\u201eTikim\u0117s, kad Nacionalinis Gazos administravimo komitetas greitai prad\u0117s veikti, o \u201eHamas\u201c patvirtina, kad yra pasirengusi perduoti vyriausybines pareigas komitetui, siekdama u\u017etikrinti jo s\u0117km\u0119\u201c, \u2013 sak\u0117 jis.<\/p>\n<p>Vienas \u201eHamas\u201c pareig\u016bnas kiek anks\u010diau sak\u0117 AFP, kad grupuot\u0117 jau informavo kitas palestinie\u010di\u0173 frakcijas apie savo sprendim\u0105 neseniai Kaire \u012fvykusiame susitikime.<\/p>\n<p>\u201eFrakcijos palankiai \u012fvertino \u201eHamas\u201c sprendim\u0105, apib\u016bdindamos j\u012f kaip rimt\u0105 \u017eingsn\u012f, leid\u017eiant\u012f Nacionaliniam komitetui perimti valdymo funkcijas\u201c, \u2013 sak\u0117 pareig\u016bnas.<\/p>\n<p>\u201eHamas\u201c institucijos i\u0161formavimas atveria keli\u0105 NCAG, kuriam vadovauja palestinie\u010di\u0173 technokratas Ali Shaathas, perimti administracines pareigas \u0161ioje teritorijoje.<\/p>\n<p>NCAG jau kelis m\u0117nesius veikia u\u017e Gazos Ruo\u017eo rib\u0173, kaip prane\u0161ama, d\u0117l Izraelio nenoro \u012fsileisti j\u012f \u012f karo nuniokot\u0105 teritorij\u0105.<\/p>\n","protected":false},"excerpt":{"rendered":"\u0160is \u017eingsnis \u017eymi reik\u0161ming\u0105 politin\u012f poslink\u012f kovotoj\u0173 grupuot\u0117s \u201eHamas\u201c veikloje. Ji vald\u0117 Gazos Ruo\u017e\u0105 nuo 2007 m., kai&hellip;\n","protected":false},"author":2,"featured_media":221860,"comment_status":"","ping_status":"","sticky":false,"template":"","format":"standard","meta":{"footnotes":"","_share_on_mastodon":"0"},"categories":[15],"tags":[25,30,31,3346,34,35,702,805,24,32,33,37,39,36,38,40,23,22,44,28,29,26,27,74,75,76],"class_list":["post-221859","post","type-post","status-publish","format-standard","has-post-thumbnail","category-pasaulis","tag-antrastes","tag-breaking-news","tag-breakingnews","tag-elta-uzsienio-naujiena","tag-featured-news","tag-featurednews","tag-gazos-ruozas","tag-hamas","tag-headlines","tag-latest-news","tag-latestnews","tag-lietuva","tag-lietuviu","tag-lithuania","tag-lithuanian","tag-lt","tag-naujienos","tag-news","tag-pasaulis","tag-populiariausios-naujienos","tag-populiariausiosnaujienos","tag-top-stories","tag-topstories","tag-world","tag-world-news","tag-worldnews"],"share_on_mastodon":{"url":"https:\/\/pubeurope.com\/@lt\/116873240511307224","error":""},"_links":{"self":[{"href":"https:\/\/www.europesays.com\/lt\/wp-json\/wp\/v2\/posts\/221859","targetHints":{"allow":["GET"]}}],"collection":[{"href":"https:\/\/www.europesays.com\/lt\/wp-json\/wp\/v2\/posts"}],"about":[{"href":"https:\/\/www.europesays.com\/lt\/wp-json\/wp\/v2\/types\/post"}],"author":[{"embeddable":true,"href":"https:\/\/www.europesays.com\/lt\/wp-json\/wp\/v2\/users\/2"}],"replies":[{"embeddable":true,"href":"https:\/\/www.europesays.com\/lt\/wp-json\/wp\/v2\/comments?post=221859"}],"version-history":[{"count":0,"href":"https:\/\/www.europesays.com\/lt\/wp-json\/wp\/v2\/posts\/221859\/revisions"}],"wp:featuredmedia":[{"embeddable":true,"href":"https:\/\/www.europesays.com\/lt\/wp-json\/wp\/v2\/media\/221860"}],"wp:attachment":[{"href":"https:\/\/www.europesays.com\/lt\/wp-json\/wp\/v2\/media?parent=221859"}],"wp:term":[{"taxonomy":"category","embeddable":true,"href":"https:\/\/www.europesays.com\/lt\/wp-json\/wp\/v2\/categories?post=221859"},{"taxonomy":"post_tag","embeddable":true,"href":"https:\/\/www.europesays.com\/lt\/wp-json\/wp\/v2\/tags?post=221859"}],"curies":[{"name":"wp","href":"https:\/\/api.w.org\/{rel}","templated":true}]}}