{"id":22199,"date":"2025-10-21T12:37:35","date_gmt":"2025-10-21T12:37:35","guid":{"rendered":"https:\/\/www.europesays.com\/lt\/22199\/"},"modified":"2025-10-21T12:37:35","modified_gmt":"2025-10-21T12:37:35","slug":"vilniaus-rajono-svietimo-istaigoms-perduoti-8-nauji-geltonieji-autobusiukai","status":"publish","type":"post","link":"https:\/\/www.europesays.com\/lt\/22199\/","title":{"rendered":"Vilniaus rajono \u0161vietimo \u012fstaigoms perduoti 8 nauji geltonieji autobusiukai"},"content":{"rendered":"\n<p>Kaip pirmadien\u012f prane\u0161\u0117 savivaldyb\u0117, \u0161i investicija pad\u0117s u\u017etikrinti geresnes ir saugesnes mokini\u0173 transportavimo s\u0105lygas bei prisid\u0117s prie \u0161vietimo prieinamumo gerinimo.<\/p>\n<p>Nauji 20-vie\u010diai mokykliniai autobusai perduoti 8 \u0161vietimo \u012fstaigoms: Buivydi\u0161ki\u0173 mokyklai\u2013dar\u017eeliui, Rukaini\u0173, Zuj\u016bn\u0173, Nem\u0117\u017eio \u0161v. Rapolo Kalinausko, Nemen\u010din\u0117s Konstanto Par\u010devskio, Mai\u0161iagalos <a href=\"https:\/\/www.tv3.lt\/rubrika\/naujienos\/lietuva\" target=\"_blank\" class=\"phrase\" rel=\"nofollow noopener\">Lietuvos<\/a> did\u017eiojo kunigaik\u0161\u010dio Algirdo, Kalveli\u0173 Stanislavo Moniu\u0161kos ir Juod\u0161ili\u0173 \u0161v. Ur\u0161ul\u0117s Leduchovskos gimnazijoms.<\/p>\n<p>Nauji autobusiukai artimiausiu metu leis pakeisti turimas pasenusias <a href=\"https:\/\/www.tv3.lt\/rubrika\/naujienos\/verslas\/transportas\" target=\"_blank\" class=\"phrase\" rel=\"nofollow noopener\">transporto<\/a> priemones.\u00a0<\/p>\n<p>Oficialiai \u012f mar\u0161rutus geltonieji autobusiukai gal\u0117s i\u0161va\u017eiuoti kit\u0105 penktadien\u012f Vilniaus rajono savivaldyb\u0117s tarybai pri\u0117mus oficial\u0173 sprendim\u0105 d\u0117l j\u0173 perdavimo.<\/p>\n<p>Vilniaus rajono savivaldyb\u0117s \u0161vietimo \u012fstaigos mokini\u0173 pav\u0117\u017e\u0117jimui tur\u0117s i\u0161 viso 69 mokyklinius autobusiukus.<\/p>\n<p>Jie skirti ve\u017eioti kaimuose ir miesteliuose gyvenan\u010dius mokinius, kuri\u0173 namai yra toliau nei 3 km nuo mokyklos, taip pat turin\u010dius speciali\u0173j\u0173 ugdymosi poreiki\u0173.<\/p>\n<p>Visos transporto naudojimo ir i\u0161laikymo i\u0161laidos yra padengiamos i\u0161 mokykloms skirt\u0173 asignavim\u0173.<\/p>\n<p>Patiko straipsnis? <a href=\"https:\/\/www.tv3.lt\/prenumeruoti\" rel=\"nofollow noopener\" target=\"_blank\">U\u017esiprenumeruokite m\u016bs\u0173 naujienlai\u0161k\u012f ir gaukite svarbiausias dienos naujienas bei \u012fdomiausius straipsnius kiekvien\u0105 darbo dien\u0105 11 val. Tiesiai \u012f J\u016bs\u0173 el. pa\u0161t\u0105!<\/a><\/p>\n","protected":false},"excerpt":{"rendered":"Kaip pirmadien\u012f prane\u0161\u0117 savivaldyb\u0117, \u0161i investicija pad\u0117s u\u017etikrinti geresnes ir saugesnes mokini\u0173 transportavimo s\u0105lygas bei prisid\u0117s prie \u0161vietimo&hellip;\n","protected":false},"author":2,"featured_media":22200,"comment_status":"","ping_status":"","sticky":false,"template":"","format":"standard","meta":{"footnotes":""},"categories":[13],"tags":[7038,25,30,31,57,43,34,35,55,48,24,54,51,49,50,32,33,37,39,36,38,40,45,23,22,44,28,29,53,42,56,47,26,27,41,46,58,52],"class_list":{"0":"post-22199","1":"post","2":"type-post","3":"status-publish","4":"format-standard","5":"has-post-thumbnail","7":"category-lietuva","8":"tag-2025-10-20-201600","9":"tag-antrastes","10":"tag-breaking-news","11":"tag-breakingnews","12":"tag-daiktai","13":"tag-dienos-kronika","14":"tag-featured-news","15":"tag-featurednews","16":"tag-gatves-tekstai","17":"tag-gyvenimas","18":"tag-headlines","19":"tag-interneto-pievos","20":"tag-keliones","21":"tag-kultura","22":"tag-laisvalaikis","23":"tag-latest-news","24":"tag-latestnews","25":"tag-lietuva","26":"tag-lietuviu","27":"tag-lithuania","28":"tag-lithuanian","29":"tag-lt","30":"tag-mokslas-ir-it","31":"tag-naujienos","32":"tag-news","33":"tag-pasaulis","34":"tag-populiariausios-naujienos","35":"tag-populiariausiosnaujienos","36":"tag-projektai","37":"tag-rinktiniai-tekstai","38":"tag-simtmecio-portalas","39":"tag-sportas","40":"tag-top-stories","41":"tag-topstories","42":"tag-tv3-lt","43":"tag-verslas","44":"tag-video","45":"tag-zaidimai"},"share_on_mastodon":{"url":"","error":""},"_links":{"self":[{"href":"https:\/\/www.europesays.com\/lt\/wp-json\/wp\/v2\/posts\/22199","targetHints":{"allow":["GET"]}}],"collection":[{"href":"https:\/\/www.europesays.com\/lt\/wp-json\/wp\/v2\/posts"}],"about":[{"href":"https:\/\/www.europesays.com\/lt\/wp-json\/wp\/v2\/types\/post"}],"author":[{"embeddable":true,"href":"https:\/\/www.europesays.com\/lt\/wp-json\/wp\/v2\/users\/2"}],"replies":[{"embeddable":true,"href":"https:\/\/www.europesays.com\/lt\/wp-json\/wp\/v2\/comments?post=22199"}],"version-history":[{"count":0,"href":"https:\/\/www.europesays.com\/lt\/wp-json\/wp\/v2\/posts\/22199\/revisions"}],"wp:featuredmedia":[{"embeddable":true,"href":"https:\/\/www.europesays.com\/lt\/wp-json\/wp\/v2\/media\/22200"}],"wp:attachment":[{"href":"https:\/\/www.europesays.com\/lt\/wp-json\/wp\/v2\/media?parent=22199"}],"wp:term":[{"taxonomy":"category","embeddable":true,"href":"https:\/\/www.europesays.com\/lt\/wp-json\/wp\/v2\/categories?post=22199"},{"taxonomy":"post_tag","embeddable":true,"href":"https:\/\/www.europesays.com\/lt\/wp-json\/wp\/v2\/tags?post=22199"}],"curies":[{"name":"wp","href":"https:\/\/api.w.org\/{rel}","templated":true}]}}