{"id":222587,"date":"2026-07-07T13:09:13","date_gmt":"2026-07-07T13:09:13","guid":{"rendered":"https:\/\/www.europesays.com\/lt\/222587\/"},"modified":"2026-07-07T13:09:13","modified_gmt":"2026-07-07T13:09:13","slug":"smulkiam-verslui-daugybe-mokesciu-dides","status":"publish","type":"post","link":"https:\/\/www.europesays.com\/lt\/222587\/","title":{"rendered":"Smulkiam verslui daugyb\u0117 mokes\u010di\u0173 did\u0117s"},"content":{"rendered":"<p>Apie tai asociacija ra\u0161o savo \u201eFeisbuko\u201c paskyroje.<\/p>\n<p>2026-07-01 patvirtinta 2027 m. minimali m\u0117nesin\u0117 alga (MMA), kuri did\u0117ja:<\/p>\n<p>MMA nuo 1 153 Eur iki 1 245 Eur (+7,39 %)<\/p>\n<p>Minimalus valandinis atlygis \u2013 nuo 7,05 Eur iki 7,61 Eur.<\/p>\n<p> MMA padidinimas rei\u0161kia didesnius mokes\u010dius:<\/p>\n<p>D\u0117l 7,39 % MMA didinimo did\u0117ja visi mokes\u010diai, skai\u010diuojami nuo MMA:<\/p>\n<p>\u2022  Verslo liudijimai brangsta ma\u017eiausiai +173 Eur \/ metus.<\/p>\n<p>\u2022  Individuali\u0105 veikl\u0105 vykdantiems (IDV), MB nariams, I\u012e savininkams \u2013 PSD \u012fmokos padid\u0117s 77 Eur \/ per metus, t. y. nuo 80,48 Eur\/m\u0117n iki 86,90 Eur\/m\u0117n.<\/p>\n<p>\u2022  Neturintiems draud\u017eiam\u0173j\u0173 pajam\u0173 \u2013 PSD \u012fmokos taip pat kils iki 86,90 Eur\/m\u0117n.<\/p>\n<p>\u2022  U\u017edirbantiems MMA \u2013 pajamos po mokes\u010di\u0173 padid\u0117s apie 55,67 Eur\/m\u0117n (\u2248667,92 Eur\/metams) (\u017er. paveiksl\u0117l\u012f).<\/p>\n<p>Neapmokestinam\u0173 dienpinigi\u0173 riba (MMA \u00d7 1,65) did\u0117s iki 2054,25 Eur\/m\u0117n.<\/p>\n<p>    <img decoding=\"async\" src=\"https:\/\/www.europesays.com\/lt\/wp-content\/uploads\/2026\/07\/f4e6ebe2-fd8b-4c8a-8195-a2c8beb279c0.jpg\" loading=\"lazy\" alt=\"Mokes\u010di\u0173 did\u0117jimas\"\/>      <\/p>\n<p>Buhalteriams \u2013 papildomas darbas: reik\u0117s atnaujinti buhalterini\u0173 program\u0173 nustatymus d\u0117l NPD formul\u0117s ir MMA pakeitimo.<\/p>\n<p>Norint u\u017edirbti daugiau, teks dirbti efektyviau.<\/p>\n<p>Jei produktyvumas neaugs, didesn\u0117s algos ir mokes\u010diai taps papildoma na\u0161ta verslui, d\u0117l ko gali padid\u0117ti ma\u017e\u0173 \u012fmoni\u0173 ir jautri\u0173 MMA did\u0117jimui versl\u0173 bankrot\u0173 ar u\u017esidarymo atvej\u0173 skai\u010dius. <\/p>\n<p>2027m. NPD  ir VDU paprastai kei\u010diami\/tvirtinami gruod\u017eio m\u0117nes\u012f. <\/p>\n","protected":false},"excerpt":{"rendered":"Apie tai asociacija ra\u0161o savo \u201eFeisbuko\u201c paskyroje. 2026-07-01 patvirtinta 2027 m. minimali m\u0117nesin\u0117 alga (MMA), kuri did\u0117ja: MMA&hellip;\n","protected":false},"author":2,"featured_media":222588,"comment_status":"","ping_status":"","sticky":false,"template":"","format":"standard","meta":{"footnotes":"","_share_on_mastodon":"0"},"categories":[13],"tags":[25,30,31,34,35,24,32,33,37,39,36,38,40,3765,3172,23,22,28,29,1617,26,27],"class_list":["post-222587","post","type-post","status-publish","format-standard","has-post-thumbnail","category-lietuva","tag-antrastes","tag-breaking-news","tag-breakingnews","tag-featured-news","tag-featurednews","tag-headlines","tag-latest-news","tag-latestnews","tag-lietuva","tag-lietuviu","tag-lithuania","tag-lithuanian","tag-lt","tag-minimali-alga","tag-mokesciai","tag-naujienos","tag-news","tag-populiariausios-naujienos","tag-populiariausiosnaujienos","tag-psd","tag-top-stories","tag-topstories"],"share_on_mastodon":{"url":"https:\/\/pubeurope.com\/@lt\/116878859977471227","error":""},"_links":{"self":[{"href":"https:\/\/www.europesays.com\/lt\/wp-json\/wp\/v2\/posts\/222587","targetHints":{"allow":["GET"]}}],"collection":[{"href":"https:\/\/www.europesays.com\/lt\/wp-json\/wp\/v2\/posts"}],"about":[{"href":"https:\/\/www.europesays.com\/lt\/wp-json\/wp\/v2\/types\/post"}],"author":[{"embeddable":true,"href":"https:\/\/www.europesays.com\/lt\/wp-json\/wp\/v2\/users\/2"}],"replies":[{"embeddable":true,"href":"https:\/\/www.europesays.com\/lt\/wp-json\/wp\/v2\/comments?post=222587"}],"version-history":[{"count":0,"href":"https:\/\/www.europesays.com\/lt\/wp-json\/wp\/v2\/posts\/222587\/revisions"}],"wp:featuredmedia":[{"embeddable":true,"href":"https:\/\/www.europesays.com\/lt\/wp-json\/wp\/v2\/media\/222588"}],"wp:attachment":[{"href":"https:\/\/www.europesays.com\/lt\/wp-json\/wp\/v2\/media?parent=222587"}],"wp:term":[{"taxonomy":"category","embeddable":true,"href":"https:\/\/www.europesays.com\/lt\/wp-json\/wp\/v2\/categories?post=222587"},{"taxonomy":"post_tag","embeddable":true,"href":"https:\/\/www.europesays.com\/lt\/wp-json\/wp\/v2\/tags?post=222587"}],"curies":[{"name":"wp","href":"https:\/\/api.w.org\/{rel}","templated":true}]}}