{"id":222649,"date":"2026-07-07T14:46:10","date_gmt":"2026-07-07T14:46:10","guid":{"rendered":"https:\/\/www.europesays.com\/lt\/222649\/"},"modified":"2026-07-07T14:46:10","modified_gmt":"2026-07-07T14:46:10","slug":"dar-vienas-lkl-klubas-dalyvaus-tarptautiniame-turnyre","status":"publish","type":"post","link":"https:\/\/www.europesays.com\/lt\/222649\/","title":{"rendered":"Dar vienas LKL klubas dalyvaus tarptautiniame turnyre"},"content":{"rendered":"<p>Jonavos klubui tarptautin\u0117s kovos n\u0117ra naujiena. 2022\u20132023 m. sezone jonavie\u010diai debiutavo Europoje, kai var\u017e\u0117si FIBA Europos taur\u0117s turnyro atrankoje.<\/p>\n<p>Po met\u0173 klubas \u017eeng\u0117 dar vien\u0105 \u017eingsn\u012f \u012f priek\u012f \u2013 startavo FIBA \u010cempion\u0173 lygos atrankoje, o pasibaigus kovoms joje sezon\u0105 t\u0119s\u0117 FIBA Europos taur\u0117s var\u017eybose. <\/p>\n<p>Visas 2026\u20132027 met\u0173 sezono ENBL komandas lyga paskelbs artimiausiu metu.<\/p>\n<p>\u201eJonava\u201c tapo septinta LKL ekipa, kuri kit\u0105 sezon\u0105 kausis tarptautiniame turnyre: Kauno \u201e\u017dalgiris\u201c \u017eais Eurolygoje, Klaip\u0117dos \u201eNept\u016bnas\u201c, Panev\u0117\u017eio \u201eLietkabelis\u201c ir \u201e\u0160iauliai\u201c \u2013 Europos taur\u0117je, o Vilniaus \u201eRytas\u201c ir Utenos \u201eJuventus\u201c \u2013 \u010cempion\u0173 lygoje.<\/p>\n","protected":false},"excerpt":{"rendered":"Jonavos klubui tarptautin\u0117s kovos n\u0117ra naujiena. 2022\u20132023 m. sezone jonavie\u010diai debiutavo Europoje, kai var\u017e\u0117si FIBA Europos taur\u0117s turnyro&hellip;\n","protected":false},"author":2,"featured_media":222650,"comment_status":"","ping_status":"","sticky":false,"template":"","format":"standard","meta":{"footnotes":"","_share_on_mastodon":"0"},"categories":[19],"tags":[11691,37,39,36,38,327,40,47,104],"class_list":["post-222649","post","type-post","status-publish","format-standard","has-post-thumbnail","category-sportas","tag-jonavos-jonava","tag-lietuva","tag-lietuviu","tag-lithuania","tag-lithuanian","tag-lkl","tag-lt","tag-sportas","tag-sports"],"share_on_mastodon":{"url":"https:\/\/pubeurope.com\/@lt\/116879241020423790","error":""},"_links":{"self":[{"href":"https:\/\/www.europesays.com\/lt\/wp-json\/wp\/v2\/posts\/222649","targetHints":{"allow":["GET"]}}],"collection":[{"href":"https:\/\/www.europesays.com\/lt\/wp-json\/wp\/v2\/posts"}],"about":[{"href":"https:\/\/www.europesays.com\/lt\/wp-json\/wp\/v2\/types\/post"}],"author":[{"embeddable":true,"href":"https:\/\/www.europesays.com\/lt\/wp-json\/wp\/v2\/users\/2"}],"replies":[{"embeddable":true,"href":"https:\/\/www.europesays.com\/lt\/wp-json\/wp\/v2\/comments?post=222649"}],"version-history":[{"count":0,"href":"https:\/\/www.europesays.com\/lt\/wp-json\/wp\/v2\/posts\/222649\/revisions"}],"wp:featuredmedia":[{"embeddable":true,"href":"https:\/\/www.europesays.com\/lt\/wp-json\/wp\/v2\/media\/222650"}],"wp:attachment":[{"href":"https:\/\/www.europesays.com\/lt\/wp-json\/wp\/v2\/media?parent=222649"}],"wp:term":[{"taxonomy":"category","embeddable":true,"href":"https:\/\/www.europesays.com\/lt\/wp-json\/wp\/v2\/categories?post=222649"},{"taxonomy":"post_tag","embeddable":true,"href":"https:\/\/www.europesays.com\/lt\/wp-json\/wp\/v2\/tags?post=222649"}],"curies":[{"name":"wp","href":"https:\/\/api.w.org\/{rel}","templated":true}]}}