{"id":222662,"date":"2026-07-07T14:59:27","date_gmt":"2026-07-07T14:59:27","guid":{"rendered":"https:\/\/www.europesays.com\/lt\/222662\/"},"modified":"2026-07-07T14:59:27","modified_gmt":"2026-07-07T14:59:27","slug":"budrys-lietuva-suinteresuota-prisideti-vystant-skaitmenines-viesasias-paslaugas-mozambike-respublika-lt","status":"publish","type":"post","link":"https:\/\/www.europesays.com\/lt\/222662\/","title":{"rendered":"Budrys: Lietuva suinteresuota prisid\u0117ti vystant skaitmenines vie\u0161\u0105sias paslaugas Mozambike &#8211; Respublika.lt"},"content":{"rendered":"<p>    \u00d7<\/p>\n<p>    (1\/2) Mozambiko herbas, K\u0119stutis Budrys. Wkipedia.org, Eltos nuotr. <a href=\"https:\/\/www.respublika.lt\/uploads\/img\/catalog\/1\/photo_1_91313577.png\" class=\"swiper-photo-download\" download=\"\" rel=\"nofollow noopener\" target=\"_blank\">Atsisi\u0173sti<\/a><\/p>\n<p>    (2\/2) Mokykla Mozambike. Commons.wikimedia.org nuotr. <a href=\"https:\/\/www.respublika.lt\/uploads\/img\/catalog\/1\/photo_1_95541058.jpg\" class=\"swiper-photo-download\" download=\"\" rel=\"nofollow noopener\" target=\"_blank\">Atsisi\u0173sti<\/a><\/p>\n<p><img loading=\"lazy\" decoding=\"async\" src=\"https:\/\/www.respublika.lt\/lt\/naujienos\/lietuva\/kitos-lietuvos-zinios\/budrys-lietuva-suinteresuota-prisideti-vystant-skaitmenines-viesasias-paslaugas-mozambike\/images\/ico_camera_white.gif\" class=\"camera\" width=\"22\" height=\"15\" alt=\"nuotr.\" style=\"position:relative; top:-2px; right:2px;\"\/> 2 nuotr.<\/p>\n<p>Mozambiko herbas, K\u0119stutis Budrys. Wkipedia.org, Eltos nuotr.<\/p>\n<p style=\"text-align: left;\">Laikinasis u\u017esienio reikal\u0173 ministras K\u0119stutis Budrys su Vilniuje vie\u0161in\u010dia Mozambiko kolege aptar\u0117 Lietuvos verslo potencial\u0105 prisidedant prie skaitmenini\u0173 vie\u0161\u0173j\u0173 paslaug\u0173 vystymo \u0161ioje \u0161alyje.<\/p>\n<p style=\"text-align: justify;\" class=\"desktop_banner\">\u00a0<\/p>\n<p style=\"text-align: left;\">\u00a0<\/p>\n<p style=\"text-align: left;\">Kaip prane\u0161\u0117 U\u017esienio reikal\u0173 ministerija (URM), K. Budrys su Mozambiko u\u017esienio reikal\u0173 ir bendradarbiavimo ministre Maria Manuela dos Santos Lucas aptar\u0117 dvi\u0161ali\u0173 santyki\u0173 stiprinimo galimybes, ekonominio bendradarbiavimo perspektyvas, saugumo situacij\u0105 Piet\u0173 Afrikos regione, Rusijos agresij\u0105 prie\u0161 Ukrain\u0105.<\/p>\n<p style=\"text-align: left;\">Anot URM, ministras pabr\u0117\u017e\u0117 Lietuvos interes\u0105 pl\u0117toti bendradarbiavim\u0105 informacini\u0173, finansini\u0173 technologij\u0173 ir gyvyb\u0117s moksl\u0173, energetikos, skaitmenizacijos srityse.<\/p>\n<p style=\"text-align: left;\">\u201eVertiname augant\u012f Lietuvos ir Mozambiko politin\u012f dialog\u0105. \u0160is pirmasis ministr\u0173 lygmens susitikimas yra svarbus \u017eingsnis stiprinant m\u016bs\u0173 dvi\u0161alius santykius ir ie\u0161kant nauj\u0173 bendradarbiavimo galimybi\u0173\u201c, \u2013 prane\u0161ime sak\u0117 K. Budrys.<\/p>\n<p style=\"text-align: left;\">Anot jo, Lietuva prisideda prie tarptautini\u0173 pastang\u0173 stiprinti stabilum\u0105 \u0161alyje \u2013 nuo 2024 m. rugs\u0117jo Lietuvos karininkai tarnauja ES karin\u0117s pagalbos misijos Mozambike (EUMAM Mozambique) \u0161tabe.<\/p>\n<p style=\"text-align: left;\">K. Budrys taip pat paragino i\u0161laikyti tvirt\u0105 tarptautin\u0117s bendruomen\u0117s param\u0105 Ukrainai, ginti tarptautin\u0117s teis\u0117s principus ir siekti atsakomyb\u0117s u\u017e Rusijos vykdomus nusikaltimus.<\/p>\n<p style=\"text-align: left;\">Lietuvos diplomatiniai santykiai su Mozambiku u\u017emegzti 1994 m. kovo 30 d.<\/p>\n<p>Patiko straipsnis? Leisk mums apie tai su\u017einoti. Nepamir\u0161k pasidalinti Facebook! <\/p>\n<p><img loading=\"lazy\" decoding=\"async\" class=\"p2_social_circle_icon\" src=\"https:\/\/www.respublika.lt\/images\/thumbs_up.svg\" width=\"21\" height=\"22\" alt=\"L\"\/><\/p>\n<p><img loading=\"lazy\" decoding=\"async\" class=\"p2_social_circle_icon\" src=\"https:\/\/www.respublika.lt\/images\/facebook.svg\" alt=\"F\" width=\"22\" height=\"22\" style=\"filter: invert(37%) sepia(55%) saturate(2351%) hue-rotate(187deg) brightness(102%) contrast(106%);\"\/><\/p>\n<p>&#13;<br \/>\n\tNesutinkate &#8211; diskutuokime!<br \/>&#13;<br \/>\n\tNepykite komentatoriai, bet komentarai su keiksma\u017eod\u017eiais bus \u0161alinami automati\u0161kai, be atsipra\u0161ymo.\n    <\/p>\n<p>&#13;<br \/>\n              Respublika.lt pasilieka teis\u0119 pa\u0161alinti nekult\u016bringus, keiksma\u017eod\u017eiais pagardintus, su tema nesusijusius, kito asmens vardu pasira\u0161ytus, \u012fstatymus pa\u017eeid\u017eian\u010dius, \u0161lam\u0161t\u0105 reklamuojan\u010dius ar nusikalsti kurstan\u010dius komentarus. Jei kurstysite smurt\u0105, rasin\u0119, tautin\u0119, religin\u0119 ar kitokio pob\u016bd\u017eio neapykant\u0105, \u017evirbliu i\u0161skrid\u0119 j\u016bs\u0173 \u017eod\u017eiai gr\u012f\u017edami gali virsti ton\u0105 sverian\u010diu jau\u010diu &#8211; specialiosioms Lietuvos tarnyboms pareikalavus suteiksime j\u016bs\u0173 duomenis.\n            <\/p>\n","protected":false},"excerpt":{"rendered":"\u00d7 (1\/2) Mozambiko herbas, K\u0119stutis Budrys. Wkipedia.org, Eltos nuotr. Atsisi\u0173sti (2\/2) Mokykla Mozambike. Commons.wikimedia.org nuotr. Atsisi\u0173sti 2 nuotr.&hellip;\n","protected":false},"author":2,"featured_media":222663,"comment_status":"","ping_status":"","sticky":false,"template":"","format":"standard","meta":{"footnotes":"","_share_on_mastodon":"0"},"categories":[13],"tags":[25,30,31,1501,3847,34,35,24,32,33,37,39,36,38,40,7114,23,22,2114,28,29,1497,13519,26,27,33541],"class_list":["post-222662","post","type-post","status-publish","format-standard","has-post-thumbnail","category-lietuva","tag-antrastes","tag-breaking-news","tag-breakingnews","tag-budrys","tag-diplomatiniai","tag-featured-news","tag-featurednews","tag-headlines","tag-latest-news","tag-latestnews","tag-lietuva","tag-lietuviu","tag-lithuania","tag-lithuanian","tag-lt","tag-mozambikas","tag-naujienos","tag-news","tag-paslaugos","tag-populiariausios-naujienos","tag-populiariausiosnaujienos","tag-santykiai","tag-skaitmenizacija","tag-top-stories","tag-topstories","tag-viesosios"],"share_on_mastodon":{"url":"https:\/\/pubeurope.com\/@lt\/116879292558880489","error":""},"_links":{"self":[{"href":"https:\/\/www.europesays.com\/lt\/wp-json\/wp\/v2\/posts\/222662","targetHints":{"allow":["GET"]}}],"collection":[{"href":"https:\/\/www.europesays.com\/lt\/wp-json\/wp\/v2\/posts"}],"about":[{"href":"https:\/\/www.europesays.com\/lt\/wp-json\/wp\/v2\/types\/post"}],"author":[{"embeddable":true,"href":"https:\/\/www.europesays.com\/lt\/wp-json\/wp\/v2\/users\/2"}],"replies":[{"embeddable":true,"href":"https:\/\/www.europesays.com\/lt\/wp-json\/wp\/v2\/comments?post=222662"}],"version-history":[{"count":0,"href":"https:\/\/www.europesays.com\/lt\/wp-json\/wp\/v2\/posts\/222662\/revisions"}],"wp:featuredmedia":[{"embeddable":true,"href":"https:\/\/www.europesays.com\/lt\/wp-json\/wp\/v2\/media\/222663"}],"wp:attachment":[{"href":"https:\/\/www.europesays.com\/lt\/wp-json\/wp\/v2\/media?parent=222662"}],"wp:term":[{"taxonomy":"category","embeddable":true,"href":"https:\/\/www.europesays.com\/lt\/wp-json\/wp\/v2\/categories?post=222662"},{"taxonomy":"post_tag","embeddable":true,"href":"https:\/\/www.europesays.com\/lt\/wp-json\/wp\/v2\/tags?post=222662"}],"curies":[{"name":"wp","href":"https:\/\/api.w.org\/{rel}","templated":true}]}}