{"id":223060,"date":"2026-07-08T05:47:11","date_gmt":"2026-07-08T05:47:11","guid":{"rendered":"https:\/\/www.europesays.com\/lt\/223060\/"},"modified":"2026-07-08T05:47:11","modified_gmt":"2026-07-08T05:47:11","slug":"buvusiam-oro-uostu-vadovui-bartkui-virs-7-tukst-euru-ismoka","status":"publish","type":"post","link":"https:\/\/www.europesays.com\/lt\/223060\/","title":{"rendered":"Buvusiam oro uost\u0173 vadovui Bartkui \u2013 vir\u0161 7 t\u016bkst. eur\u0173 i\u0161moka"},"content":{"rendered":"<p>Kaip numatyta Darbo kodekso 104 straipsnyje, jeigu vadovas at\u0161aukiamas \u012fstatym\u0173 numatyta tvarka ir jei at\u0161aukimo nenul\u0117m\u0117 jo kalti veiksmai, vadovui skiriama vidutinio darbo u\u017emokes\u010dio (VDU) dyd\u017eio i\u0161eitin\u0117 i\u0161moka, Eltai nurod\u0117 oro uostai.<\/p>\n<p>\u201eBuvusiam Lietuvos oro uost\u0173 generaliniam direktoriui (\u2026) pagal susitarim\u0105 su buvusia \u012fmon\u0117s valdyba buvo i\u0161mok\u0117ta vieno m\u0117nesio vidutinio darbo u\u017emokes\u010dio dyd\u017eio i\u0161eitin\u0117 i\u0161moka\u201c, \u2013 teigiama komentare.<\/p>\n<p>Apie tai, kad abiej\u0173 \u0161ali\u0173 sutarimu palieka pareigas, S. Bartkus prane\u0161\u0117 \u0161\u012f kov\u0105.<\/p>\n<p>Po poros savai\u010di\u0173 Susisiekimo ministerija taip pat prane\u0161\u0117 apie sprendim\u0105 formuoti ir nauj\u0105 valdyb\u0105, kuri darbus tur\u0117t\u0173 prad\u0117ti rugpj\u016bt\u012f.<\/p>\n<p>Laikinai LTOU vadovaus \u012fmon\u0117s komercijos departamento direktor\u0117 Gintar\u0117 Norvilait\u0117-Tautevi\u010d\u0117, nauj\u0105j\u012f vadov\u0105 i\u0161rinks naujai suformuota valdyba \u2013 \u0161\u012f proces\u0105 kuruoja ministerija.<\/p>\n","protected":false},"excerpt":{"rendered":"Kaip numatyta Darbo kodekso 104 straipsnyje, jeigu vadovas at\u0161aukiamas \u012fstatym\u0173 numatyta tvarka ir jei at\u0161aukimo nenul\u0117m\u0117 jo kalti&hellip;\n","protected":false},"author":2,"featured_media":223061,"comment_status":"","ping_status":"","sticky":false,"template":"","format":"standard","meta":{"footnotes":"","_share_on_mastodon":"0"},"categories":[13],"tags":[25,30,31,34,35,24,25859,32,33,37,39,5796,36,38,40,23,22,28,29,12323,26,27],"class_list":["post-223060","post","type-post","status-publish","format-standard","has-post-thumbnail","category-lietuva","tag-antrastes","tag-breaking-news","tag-breakingnews","tag-featured-news","tag-featurednews","tag-headlines","tag-iseitine-ismoka","tag-latest-news","tag-latestnews","tag-lietuva","tag-lietuviu","tag-lietuvos-oro-uostai","tag-lithuania","tag-lithuanian","tag-lt","tag-naujienos","tag-news","tag-populiariausios-naujienos","tag-populiariausiosnaujienos","tag-simonas-bartkus","tag-top-stories","tag-topstories"],"share_on_mastodon":{"url":"https:\/\/pubeurope.com\/@lt\/116882783862793989","error":""},"_links":{"self":[{"href":"https:\/\/www.europesays.com\/lt\/wp-json\/wp\/v2\/posts\/223060","targetHints":{"allow":["GET"]}}],"collection":[{"href":"https:\/\/www.europesays.com\/lt\/wp-json\/wp\/v2\/posts"}],"about":[{"href":"https:\/\/www.europesays.com\/lt\/wp-json\/wp\/v2\/types\/post"}],"author":[{"embeddable":true,"href":"https:\/\/www.europesays.com\/lt\/wp-json\/wp\/v2\/users\/2"}],"replies":[{"embeddable":true,"href":"https:\/\/www.europesays.com\/lt\/wp-json\/wp\/v2\/comments?post=223060"}],"version-history":[{"count":0,"href":"https:\/\/www.europesays.com\/lt\/wp-json\/wp\/v2\/posts\/223060\/revisions"}],"wp:featuredmedia":[{"embeddable":true,"href":"https:\/\/www.europesays.com\/lt\/wp-json\/wp\/v2\/media\/223061"}],"wp:attachment":[{"href":"https:\/\/www.europesays.com\/lt\/wp-json\/wp\/v2\/media?parent=223060"}],"wp:term":[{"taxonomy":"category","embeddable":true,"href":"https:\/\/www.europesays.com\/lt\/wp-json\/wp\/v2\/categories?post=223060"},{"taxonomy":"post_tag","embeddable":true,"href":"https:\/\/www.europesays.com\/lt\/wp-json\/wp\/v2\/tags?post=223060"}],"curies":[{"name":"wp","href":"https:\/\/api.w.org\/{rel}","templated":true}]}}