{"id":223204,"date":"2026-07-08T08:20:53","date_gmt":"2026-07-08T08:20:53","guid":{"rendered":"https:\/\/www.europesays.com\/lt\/223204\/"},"modified":"2026-07-08T08:20:53","modified_gmt":"2026-07-08T08:20:53","slug":"paaugliu-ispuoliai-parduotuvese-i-pirkejus-skriejo-kiausiniai-isikiso-apsauga","status":"publish","type":"post","link":"https:\/\/www.europesays.com\/lt\/223204\/","title":{"rendered":"Paaugli\u0173 i\u0161puoliai parduotuv\u0117se: \u012f pirk\u0117jus skriejo kiau\u0161iniai, \u012fsiki\u0161o apsauga"},"content":{"rendered":"<p>Socialiniuose tinkluose i\u0161plito vaizdo \u012fra\u0161as, kuriame u\u017efiksuota, kaip dvi paaugl\u0117s <a rel=\"noopener nofollow\" target=\"_blank\" href=\"https:\/\/www.delfi.lt\/temos\/parduotuve\" tag-id=\"61609013\">parduotuv\u0117je<\/a> \u012f pirk\u0117jus svaido kiau\u0161inius, m\u0117to prekes \u012f svetimus pirkini\u0173 krep\u0161elius ir provokuoja aplinkinius.<\/p>\n<p>Vienam pirk\u0117jui galiausiai tr\u016bko kantryb\u0117 \u2013 jis puol\u0117 vytis vien\u0105 i\u0161 i\u0161daiginink\u0173. \u012e konflikt\u0105 netrukus \u012fsiki\u0161o ir parduotuv\u0117s apsauginis, ta\u010diau <a rel=\"noopener nofollow\" target=\"_blank\" href=\"https:\/\/www.delfi.lt\/temos\/paaugliai\" tag-id=\"41558075\">paaugliai<\/a> toliau atsikalbin\u0117jo, vaip\u0117si ir i\u0161 parduotuv\u0117s pasi\u0161alinti neskub\u0117jo.<\/p>\n<p>Vaizdo \u012fra\u0161us galite pamatyti <a rel=\"noopener nofollow\" target=\"_blank\" href=\"https:\/\/www.facebook.com\/groups\/1761377554104435?multi_permalinks=4395146544060843&amp;hoisted_section_header_type=recently_seen\" data-rel-date-range=\"[]\">\u010cIA<\/a>. <\/p>\n<p>Vaizdo \u012fra\u0161ais socialiniuose tinkluose pasidalijo pa\u010dios paaugl\u0117s. J\u0173 elgesys sulauk\u0117 didelio pasipiktinimo \u2013 komentaruose internautai vaikus vadino bjauryb\u0117mis ir parazitais. Daugelis apklaust\u0173 vilnie\u010di\u0173 tok\u012f elges\u012f \u012fvertino itin kriti\u0161kai.<\/p>\n<p>\u201eSunku suvaldyti. K\u0105 jiems padarysi? Nieko negali padaryti \u2013 tiesiog subarti, ap\u0161aukti, bet jie \u012f tokius dalykus nereaguos\u201c, \u2013 sak\u0117 moteris.<\/p>\n<p>\u201eApsaugininkai da\u017enai b\u016bna moterys arba nesporti\u0161ko sud\u0117jimo vyrai, tod\u0117l gal tokius atvejus reik\u0117t\u0173 labiau vie\u0161inti\u201c, \u2013 svarst\u0117 vyras.<\/p>\n<p>Kiti pirk\u0117jai stengiasi \u012f tokias i\u0161daigas nekreipti d\u0117mesio.<\/p>\n<p>    <img decoding=\"async\" src=\"https:\/\/www.europesays.com\/lt\/wp-content\/uploads\/2026\/07\/42a5a8cd-35c1-4d70-ac75-763a1a2b72a2.jpg\" loading=\"lazy\" alt=\"Jaunuoliai siaut\u0117jo \u201eIki\u201c ir \u201eMaximos\u201c parduotuv\u0117se Vilniuje\"\/>      <\/p>\n<p>Prekybininkai tikina, kad paaugli\u0173 i\u0161puoliai parduotuv\u0117se pasitaiko itin retai. Ta\u010diau pabr\u0117\u017eia, kad tokio elgesio netoleruoja.<\/p>\n<p>\u201ePasteb\u0117j\u0119 chuligani\u0161kus atvejus, kai \u017ealojamas parduotuv\u0117s inventorius, gadinamos prek\u0117s ar u\u017ekabinami darbuotojai, visada kreipiam\u0117s \u012f policijos pareig\u016bnus, jeigu padaroma \u017eala\u201c, \u2013 komentavo \u201eIki\u201c atstov\u0117 Gintar\u0117 Kitov\u0117.<\/p>\n<p>Prekybos tinklas nurod\u0117, kad d\u0117l \u0161io \u012fvykio planuoja pateikti parei\u0161kim\u0105 teis\u0117saugai.<\/p>\n<p>\u201eTikim\u0117s, kad atsakingos institucijos \u012fvertins visas aplinkybes ir taikys \u012fstatymuose numatyt\u0105 atsakomyb\u0119. Taip pat raginame visuomen\u0119 nelikti abejing\u0105 ir, pasteb\u0117jus vie\u0161osios tvarkos pa\u017eeidimus ar kit\u0105 galimai neteis\u0117t\u0105 elges\u012f, apie tai prane\u0161ti teis\u0117saugai. Jei tokie pa\u017eeidimai fiksuojami ar vie\u0161inami socialiniuose tinkluose, gyventojai gali informuoti ir policijos virtual\u0173j\u012f patrul\u012f\u201c, \u2013 nurod\u0117 prekybos tinklas \u201eMaxima\u201c.<\/p>\n<p>Pareig\u016bnai tikina, kad suvaldyti siaut\u0117jan\u010dius paauglius sud\u0117tinga, mat baudas u\u017e juos sumoka t\u0117vai. Da\u017eniausiai tuo viskas ir baigiasi.<\/p>\n<p>\u201eU\u017e tai gresia bauda. Pirm\u0105 kart\u0105 \u2013 nuo 30 iki 140 eur\u0173, antr\u0105 kart\u0105 \u2013 nuo 140 iki 240 eur\u0173. U\u017e pakartotinius pa\u017eeidimus asmuo gali b\u016bti \u012fpareigotas dalyvauti prevencin\u0117se programose\u201c, \u2013 ai\u0161kino Policijos departamento atstovas Ram\u016bnas Matonis.<\/p>\n<p>Akivaizdu, kad vaikai k\u016br\u0117 turin\u012f \u201e<a rel=\"noopener nofollow\" target=\"_blank\" href=\"https:\/\/www.delfi.lt\/temos\/tiktok-0\" tag-id=\"83221853\">TikTok<\/a>\u201c platformai \u2013 filmavo vadinam\u0105j\u012f \u201eprank\u0105\u201c.<\/p>\n<p>\u201e\u010cia turb\u016bt d\u0117l vaizdo, d\u0117l \u201eTikTok\u201c, dar ka\u017ekas. Reikia bausti t\u0117vus\u201c, \u2013 teig\u0117 praeiv\u0117.<\/p>\n<p>\u201eNepul\u010diau, bet, ne\u012fsivaizduoju, papurty\u010diau juos ar ka\u017ek\u0105\u201c, \u2013 sak\u0117 moteris.<\/p>\n<p>\u201eGal jiems tr\u016bksta d\u0117mesio \u2013 ne tik i\u0161 t\u0117v\u0173, bet ir i\u0161 visuomen\u0117s. Vaikams skiriama per ma\u017eai d\u0117mesio, su jais per ma\u017eai u\u017esiimama. Kalti t\u0117vai. Tik tiek. Ne vaikai\u201c, \u2013 svarst\u0117 kita moteris.<\/p>\n<p>Laimei, tokia mada Lietuvoje dar n\u0117ra paplitusi.<\/p>\n<p>\u201eKol kas apie tokius atvejus nesame gav\u0119 informacijos. Prekybos centrai tur\u0117t\u0173 atkreipti daugiau d\u0117mesio, jei tie patys asmenys lankosi ne vienoje parduotuv\u0117je ar prekybos centre\u201c, \u2013 pa\u017eym\u0117jo R. Matonis.<\/p>\n<p>Vis d\u0117lto did\u017eiausi\u0105 galvos skausm\u0105 parduotuv\u0117ms kelia vagyst\u0117s \u2013 su ilgapir\u0161\u010diais prekybos centruose pareig\u016bnai kovoja kasdien.<\/p>\n","protected":false},"excerpt":{"rendered":"Socialiniuose tinkluose i\u0161plito vaizdo \u012fra\u0161as, kuriame u\u017efiksuota, kaip dvi paaugl\u0117s parduotuv\u0117je \u012f pirk\u0117jus svaido kiau\u0161inius, m\u0117to prekes \u012f&hellip;\n","protected":false},"author":2,"featured_media":223205,"comment_status":"","ping_status":"","sticky":false,"template":"","format":"standard","meta":{"footnotes":"","_share_on_mastodon":"0"},"categories":[6],"tags":[25,30,31,34,35,24,32,33,37,39,36,38,40,23,22,7054,10322,28,29,733,26,27],"class_list":["post-223204","post","type-post","status-publish","format-standard","has-post-thumbnail","category-antrastes","tag-antrastes","tag-breaking-news","tag-breakingnews","tag-featured-news","tag-featurednews","tag-headlines","tag-latest-news","tag-latestnews","tag-lietuva","tag-lietuviu","tag-lithuania","tag-lithuanian","tag-lt","tag-naujienos","tag-news","tag-paaugliai","tag-parduotuve","tag-populiariausios-naujienos","tag-populiariausiosnaujienos","tag-tiktok","tag-top-stories","tag-topstories"],"share_on_mastodon":{"url":"https:\/\/pubeurope.com\/@lt\/116883389584989892","error":""},"_links":{"self":[{"href":"https:\/\/www.europesays.com\/lt\/wp-json\/wp\/v2\/posts\/223204","targetHints":{"allow":["GET"]}}],"collection":[{"href":"https:\/\/www.europesays.com\/lt\/wp-json\/wp\/v2\/posts"}],"about":[{"href":"https:\/\/www.europesays.com\/lt\/wp-json\/wp\/v2\/types\/post"}],"author":[{"embeddable":true,"href":"https:\/\/www.europesays.com\/lt\/wp-json\/wp\/v2\/users\/2"}],"replies":[{"embeddable":true,"href":"https:\/\/www.europesays.com\/lt\/wp-json\/wp\/v2\/comments?post=223204"}],"version-history":[{"count":0,"href":"https:\/\/www.europesays.com\/lt\/wp-json\/wp\/v2\/posts\/223204\/revisions"}],"wp:featuredmedia":[{"embeddable":true,"href":"https:\/\/www.europesays.com\/lt\/wp-json\/wp\/v2\/media\/223205"}],"wp:attachment":[{"href":"https:\/\/www.europesays.com\/lt\/wp-json\/wp\/v2\/media?parent=223204"}],"wp:term":[{"taxonomy":"category","embeddable":true,"href":"https:\/\/www.europesays.com\/lt\/wp-json\/wp\/v2\/categories?post=223204"},{"taxonomy":"post_tag","embeddable":true,"href":"https:\/\/www.europesays.com\/lt\/wp-json\/wp\/v2\/tags?post=223204"}],"curies":[{"name":"wp","href":"https:\/\/api.w.org\/{rel}","templated":true}]}}