{"id":223250,"date":"2026-07-08T09:01:32","date_gmt":"2026-07-08T09:01:32","guid":{"rendered":"https:\/\/www.europesays.com\/lt\/223250\/"},"modified":"2026-07-08T09:01:32","modified_gmt":"2026-07-08T09:01:32","slug":"rezultatyviausias-lkl-zaidejas-lieka-siauliuose","status":"publish","type":"post","link":"https:\/\/www.europesays.com\/lt\/223250\/","title":{"rendered":"Rezultatyviausias LKL \u017eaid\u0117jas lieka \u201e\u0160iauliuose\u201c"},"content":{"rendered":"<p>\u201eSugr\u012f\u017eti \u010dia nebuvo itin sunkus sprendimas. \u017dinant, kad lieka treneris, taip pat gr\u012f\u017eta Dayvionas ir Selimas, apsispr\u0119sti buvo dar lengviau, \u2013 apie motyvus gr\u012f\u017eti pasisak\u0117 krep\u0161ininkas. \u2013 Niekur kitur toli nuo nam\u0173 nesijau\u010diau taip, kaip namie. \u0160iauliai leido t\u0105 patirti. Sirgaliai ir visa bendruomen\u0117 nuolat palaik\u0117 mane, o dabar at\u0117jo eil\u0117 atsilyginti jiems.<\/p>\n<p class=\"p1\">Gr\u012f\u017etu su dideliu noru t\u0119sti tai, k\u0105 prad\u0117jome bei pasiekti dar daugiau. Jau\u010diu, kad \u0161\u012f sezon\u0105 turiu daug k\u0105 \u012frodyti, ypa\u010d kai \u017eaisime Europos taur\u0117je. Nekantrauju sugr\u012f\u017eti.\u201c<\/p>\n<p class=\"p1\">Pra\u0117jusi\u0105 vasar\u0105 \u012f Lietuv\u0105 atvyk\u0119s amerikietis greitai tapo komandos lyderiu bei vienu ry\u0161kiausi\u0173 \u0161alies \u010dempionato veid\u0173. 198 cm \u016bgio puol\u0117jas per 31 ma\u010d\u0105 Lietuvos pirmenyb\u0117se rinko 18,1 ta\u0161ko (1 vieta), 4,2 atkovoto kamuolio, 2,1 rezultatyvaus perdavimo ir 16,3 naudingumo balo vidurkius, aik\u0161t\u0117je praleisdamas po 29 minutes.<\/p>\n<p>       <img decoding=\"async\" src=\"https:\/\/www.europesays.com\/lt\/wp-content\/uploads\/2026\/07\/d5e8b4d4-a29f-4234-a8fa-2f0c999a921d.jpg\" loading=\"lazy\" alt=\"Cedricas Hendersonas \"\/>    <\/p>\n<p class=\"p1\">Ry\u0161kiausiai krep\u0161ininkas suspindo baland\u017eio 12-\u0105j\u0105, kai namuose prie\u0161 Vilniaus \u201eRyt\u0105\u201c sudau\u017e\u0117 asmeninius karjeros rekordus \u2013 suvert\u0117 40 ta\u0161k\u0173 ir fiksavo 43 naudingumo balus. T\u0105kart \u201e\u0160iauliai\u201c 107:90 palau\u017e\u0117 vilnie\u010dius, o Hendersono benefisas tapo vienu \u012fsimintiniausi\u0173 sezono pasirodym\u0173.<\/p>\n<p class=\"p1\">Sezono fini\u0161e amerikietis sulauk\u0117 \u012fvertinimo ir buvo i\u0161rinktas \u012f lygos geriausi\u0173 sezono krep\u0161inink\u0173 simbolin\u012f penket\u0105.<\/p>\n<p class=\"p1\">\u201eLabai d\u017eiaugiuosi d\u0117l Cedrico \u2013 tiek kaip treneris, tiek kaip \u201e\u0160iauli\u0173\u201c organizacijos dalis, \u2013 kalb\u0117jo Saul\u0117s miesto ekipos strategas Darius Songaila. \u2013 Jis buvo labai svarbi m\u016bs\u0173 s\u0117kmingo \u017eaidimo dalis pra\u0117jus\u012f sezon\u0105. I\u0161laikant ir Dayvion\u0105 su Selimu, u\u017etikriname t\u0119stinum\u0105 gyn\u0117j\u0173 grandyje. Jie visi jau \u017eino m\u016bs\u0173 sistem\u0105 \u2013 k\u0105 \u017eaid\u017eiame ir ko a\u0161 reikalauju, tad tai bus mil\u017eini\u0161ka paspirtis komandai.\u201c<\/p>\n<p>       <img decoding=\"async\" src=\"https:\/\/www.europesays.com\/lt\/wp-content\/uploads\/2026\/07\/1e13047d-4877-4cb9-8e6a-27c4499c0a50.jpg\" loading=\"lazy\" alt=\"Cedricas Hendersonas \"\/>    <\/p>\n<p class=\"p1\">Prie\u0161 debiut\u0105 Lietuvoje amerikietis po sezon\u0105 praleido Konstancos CSM bei Salonik\u0173 PAOK ekipose, su pastar\u0105ja pasiek\u0119s FIBA Europos taur\u0117s final\u0105.<\/p>\n<p class=\"p1\">\u201e\u0160iauliai\u201c ruden\u012f po 16 met\u0173 pertraukos sugr\u012f\u0161 ant Europos taur\u0117s scenos. Kvie\u010diame pasiruo\u0161ti \u0161iam sugr\u012f\u017eimui ir \u012fsigyti art\u0117jan\u010dio sezono narystes, kurios galios tiek LKL, tiek Europos taur\u0117s reguliariojo sezono var\u017eyb\u0173 akistatose<\/p>\n","protected":false},"excerpt":{"rendered":"\u201eSugr\u012f\u017eti \u010dia nebuvo itin sunkus sprendimas. \u017dinant, kad lieka treneris, taip pat gr\u012f\u017eta Dayvionas ir Selimas, apsispr\u0119sti buvo&hellip;\n","protected":false},"author":2,"featured_media":223251,"comment_status":"","ping_status":"","sticky":false,"template":"","format":"standard","meta":{"footnotes":"","_share_on_mastodon":"0"},"categories":[19],"tags":[37,39,36,38,327,40,1554,47,104],"class_list":["post-223250","post","type-post","status-publish","format-standard","has-post-thumbnail","category-sportas","tag-lietuva","tag-lietuviu","tag-lithuania","tag-lithuanian","tag-lkl","tag-lt","tag-siauliu-siauliai","tag-sportas","tag-sports"],"share_on_mastodon":{"url":"https:\/\/pubeurope.com\/@lt\/116883546922247621","error":""},"_links":{"self":[{"href":"https:\/\/www.europesays.com\/lt\/wp-json\/wp\/v2\/posts\/223250","targetHints":{"allow":["GET"]}}],"collection":[{"href":"https:\/\/www.europesays.com\/lt\/wp-json\/wp\/v2\/posts"}],"about":[{"href":"https:\/\/www.europesays.com\/lt\/wp-json\/wp\/v2\/types\/post"}],"author":[{"embeddable":true,"href":"https:\/\/www.europesays.com\/lt\/wp-json\/wp\/v2\/users\/2"}],"replies":[{"embeddable":true,"href":"https:\/\/www.europesays.com\/lt\/wp-json\/wp\/v2\/comments?post=223250"}],"version-history":[{"count":0,"href":"https:\/\/www.europesays.com\/lt\/wp-json\/wp\/v2\/posts\/223250\/revisions"}],"wp:featuredmedia":[{"embeddable":true,"href":"https:\/\/www.europesays.com\/lt\/wp-json\/wp\/v2\/media\/223251"}],"wp:attachment":[{"href":"https:\/\/www.europesays.com\/lt\/wp-json\/wp\/v2\/media?parent=223250"}],"wp:term":[{"taxonomy":"category","embeddable":true,"href":"https:\/\/www.europesays.com\/lt\/wp-json\/wp\/v2\/categories?post=223250"},{"taxonomy":"post_tag","embeddable":true,"href":"https:\/\/www.europesays.com\/lt\/wp-json\/wp\/v2\/tags?post=223250"}],"curies":[{"name":"wp","href":"https:\/\/api.w.org\/{rel}","templated":true}]}}