{"id":223327,"date":"2026-07-08T10:22:57","date_gmt":"2026-07-08T10:22:57","guid":{"rendered":"https:\/\/www.europesays.com\/lt\/223327\/"},"modified":"2026-07-08T10:22:57","modified_gmt":"2026-07-08T10:22:57","slug":"etikos-sargai-vel-spres-ar-remigijus-zemaitaitis-nepazeide-elgesio-normu-respublika-lt","status":"publish","type":"post","link":"https:\/\/www.europesays.com\/lt\/223327\/","title":{"rendered":"Etikos sargai v\u0117l spr\u0119s, ar Remigijus \u017demaitaitis nepa\u017eeid\u0117 elgesio norm\u0173 &#8211; Respublika.lt"},"content":{"rendered":"<p><img loading=\"lazy\" decoding=\"async\" src=\"https:\/\/www.respublika.lt\/lt\/naujienos\/lietuva\/lietuvos_politika\/etikos-sargai-vel-spres-ar-remigijus-zemaitaitis-nepazeide-elgesio-normu\/images\/ico_camera_white.gif\" class=\"camera\" width=\"22\" height=\"15\" alt=\"nuotr.\" style=\"position:relative; top:-2px; right:2px;\"\/> 1 nuotr.<\/p>\n<p>Remigijus \u017demaitaitis. Eltos nuotr.<\/p>\n<p style=\"text-align: left;\">Tre\u010diadien\u012f pos\u0117d\u017eiausianti Seimo Etikos ir proced\u016br\u0173 komisija (EPK) ketina diskutuoti ir apsispr\u0119sti, ar \u201eNemuno au\u0161ros\u201c pirmininkas Remigijaus \u017demaitaitis nenusi\u017eeng\u0117 galiojan\u010dioms elgesio bei etikos normoms.<\/p>\n<p style=\"text-align: justify;\" class=\"desktop_banner\">\u00a0<\/p>\n<p style=\"text-align: left;\">\u00a0<\/p>\n<p style=\"text-align: left;\">\u201eKiek ma\u010diau pagal projekt\u0105, i\u0161vad\u0173 reng\u0117j\u0173 nuomon\u0117s i\u0161siskyr\u0117, tod\u0117l tur\u0117sime diskusijas. Daugiau apie tyrim\u0105 kaip ir negaliu atskleisti, kol nepadarytas sprendimas. Bet i\u0161vad\u0173 projektas jau yra pateiktas komisijos nariams ir d\u0117l \u012fra\u0161o rytoj komisijos nariai apsispr\u0119s\u201c \u2013 Eltai antradien\u012f popiet teig\u0117 Seimo EPK pirmininkas Viktoras Fiodorovas.<\/p>\n<p style=\"text-align: left;\">I\u0161vadas rengti buvo pavesta konservatorei Daliai Asanavi\u010di\u016btei-Gru\u017eauskienei bei socialdemokratei Lilijai Vaitiek\u016bnienei.\u00a0<\/p>\n<p style=\"text-align: left;\">Kaip skelbta, po baland\u017eio pabaigoje vykusio protesto d\u0117l Lietuvos nacionalinio radijo ir televizijos (LRT) patais\u0173 R. \u017demaitaitis asmenin\u0117je socialinio tinklo paskyroje pasidalino nuotrauka, kurioje u\u017efiksuota moteris, proteste laikanti plakat\u0105 su necenz\u016briniu u\u017era\u0161u, kuriame R. \u017demaitaitis prilyginamas vyri\u0161kam lyties organui.\u00a0<\/p>\n<p style=\"text-align: left;\">V\u0117liau paai\u0161k\u0117jo, jog nuotrauka galimai buvo suklastota, nes joje u\u017efiksuota moteris protesto metu rankose laik\u0117 visai kitok\u012f plakat\u0105.\u00a0<\/p>\n<p style=\"text-align: left;\">\u012e Seimo EPK d\u0117l \u0161io atvejo kreip\u0117si europarlamentaras Dainius \u017dalimas. Jis komisijai pateiktame skunde teig\u0117, kad R. \u017demaitaitis s\u0105moningai manipuliavo proteste dalyvavusios moters atvaizdu, pakeit\u0117 plakato turin\u012f \u012f vulgar\u0173 ir \u017eeminant\u012f, vie\u0161ai skleid\u0117 seksualinio pob\u016bd\u017eio ir menkinan\u010dius pasisakymus. Taip pat, kaip nurod\u0117 europarlamentaras, auditorija buvo s\u0105moningai kurstoma prie\u0161 konkret\u0173 \u017emog\u0173, skatintos paty\u010dios ir \u012f\u017eeidin\u0117jimai.<\/p>\n<p style=\"text-align: left;\">D. \u017dalimas pra\u0161o ne tik i\u0161tirti R. \u017demaitai\u010dio elges\u012f, bet ir prad\u0117ti jam apkalt\u0105.\u00a0<\/p>\n<p>Patiko straipsnis? Leisk mums apie tai su\u017einoti. Nepamir\u0161k pasidalinti Facebook! <\/p>\n<p><img loading=\"lazy\" decoding=\"async\" class=\"p2_social_circle_icon\" src=\"https:\/\/www.respublika.lt\/images\/thumbs_up.svg\" width=\"21\" height=\"22\" alt=\"L\"\/><\/p>\n<p><img loading=\"lazy\" decoding=\"async\" class=\"p2_social_circle_icon\" src=\"https:\/\/www.respublika.lt\/images\/facebook.svg\" alt=\"F\" width=\"22\" height=\"22\" style=\"filter: invert(37%) sepia(55%) saturate(2351%) hue-rotate(187deg) brightness(102%) contrast(106%);\"\/><\/p>\n<p>&#13;<br \/>\n\tNesutinkate &#8211; diskutuokime!<br \/>&#13;<br \/>\n\tNepykite komentatoriai, bet komentarai su keiksma\u017eod\u017eiais bus \u0161alinami automati\u0161kai, be atsipra\u0161ymo.\n    <\/p>\n<p>&#13;<br \/>\n              Respublika.lt pasilieka teis\u0119 pa\u0161alinti nekult\u016bringus, keiksma\u017eod\u017eiais pagardintus, su tema nesusijusius, kito asmens vardu pasira\u0161ytus, \u012fstatymus pa\u017eeid\u017eian\u010dius, \u0161lam\u0161t\u0105 reklamuojan\u010dius ar nusikalsti kurstan\u010dius komentarus. Jei kurstysite smurt\u0105, rasin\u0119, tautin\u0119, religin\u0119 ar kitokio pob\u016bd\u017eio neapykant\u0105, \u017evirbliu i\u0161skrid\u0119 j\u016bs\u0173 \u017eod\u017eiai gr\u012f\u017edami gali virsti ton\u0105 sverian\u010diu jau\u010diu &#8211; specialiosioms Lietuvos tarnyboms pareikalavus suteiksime j\u016bs\u0173 duomenis.\n            <\/p>\n","protected":false},"excerpt":{"rendered":"1 nuotr. Remigijus \u017demaitaitis. Eltos nuotr. Tre\u010diadien\u012f pos\u0117d\u017eiausianti Seimo Etikos ir proced\u016br\u0173 komisija (EPK) ketina diskutuoti ir apsispr\u0119sti,&hellip;\n","protected":false},"author":2,"featured_media":223328,"comment_status":"","ping_status":"","sticky":false,"template":"","format":"standard","meta":{"footnotes":"","_share_on_mastodon":"0"},"categories":[13],"tags":[25,30,31,33619,34,35,16599,24,32,33,37,39,36,38,40,23,22,28,29,128,26,27,413],"class_list":["post-223327","post","type-post","status-publish","format-standard","has-post-thumbnail","category-lietuva","tag-antrastes","tag-breaking-news","tag-breakingnews","tag-epk","tag-featured-news","tag-featurednews","tag-fiodorovas","tag-headlines","tag-latest-news","tag-latestnews","tag-lietuva","tag-lietuviu","tag-lithuania","tag-lithuanian","tag-lt","tag-naujienos","tag-news","tag-populiariausios-naujienos","tag-populiariausiosnaujienos","tag-seimas","tag-top-stories","tag-topstories","tag-zemaitaitis"],"share_on_mastodon":{"url":"https:\/\/pubeurope.com\/@lt\/116883869456993621","error":""},"_links":{"self":[{"href":"https:\/\/www.europesays.com\/lt\/wp-json\/wp\/v2\/posts\/223327","targetHints":{"allow":["GET"]}}],"collection":[{"href":"https:\/\/www.europesays.com\/lt\/wp-json\/wp\/v2\/posts"}],"about":[{"href":"https:\/\/www.europesays.com\/lt\/wp-json\/wp\/v2\/types\/post"}],"author":[{"embeddable":true,"href":"https:\/\/www.europesays.com\/lt\/wp-json\/wp\/v2\/users\/2"}],"replies":[{"embeddable":true,"href":"https:\/\/www.europesays.com\/lt\/wp-json\/wp\/v2\/comments?post=223327"}],"version-history":[{"count":0,"href":"https:\/\/www.europesays.com\/lt\/wp-json\/wp\/v2\/posts\/223327\/revisions"}],"wp:featuredmedia":[{"embeddable":true,"href":"https:\/\/www.europesays.com\/lt\/wp-json\/wp\/v2\/media\/223328"}],"wp:attachment":[{"href":"https:\/\/www.europesays.com\/lt\/wp-json\/wp\/v2\/media?parent=223327"}],"wp:term":[{"taxonomy":"category","embeddable":true,"href":"https:\/\/www.europesays.com\/lt\/wp-json\/wp\/v2\/categories?post=223327"},{"taxonomy":"post_tag","embeddable":true,"href":"https:\/\/www.europesays.com\/lt\/wp-json\/wp\/v2\/tags?post=223327"}],"curies":[{"name":"wp","href":"https:\/\/api.w.org\/{rel}","templated":true}]}}